{"id":9897,"date":"2022-03-25T14:26:08","date_gmt":"2022-03-25T14:26:08","guid":{"rendered":"http:\/\/miniblog.pagekreacje.pl\/?p=9897"},"modified":"2022-03-25T14:26:08","modified_gmt":"2022-03-25T14:26:08","slug":"sprzet-na-eventy","status":"publish","type":"post","link":"http:\/\/miniblog.pagekreacje.pl\/?p=9897","title":{"rendered":"Sprz\u0119t na eventy"},"content":{"rendered":"<p>Zorganizowanie eventu to nie lada wyzwanie, kt\u00f3re wymaga mi\u0119dzy innymi sporz\u0105dzenia szczeg\u00f3\u0142owego harmonogramu dzia\u0142a\u0144, a zatem skorelowania r\u00f3\u017cnorakich dzia\u0142a\u0144 logistycznych. Nie zapominajmy o tym, \u017ce fundamentem udanego wydarzenia rodzinnego czy tak\u017ce firmowego jest przede wszystkim odpowiednia aran\u017cacja przestrzeni, a wi\u0119c stosowanie odpowiedniego sprz\u0119tu. Dlatego te\u017c tak du\u017cym zainteresowaniem klient\u00f3w zajmuj\u0105cych si\u0119 organizacj\u0105 event\u00f3w ciesz\u0105 si\u0119 namioty do wynaj\u0119cia, kt\u00f3re dost\u0119pne s\u0105 w r\u00f3\u017cnych modelach a tak\u017ce wariantach.<!--more--><\/p>\n<p> Sprz\u0119t na eventy &#8211; co nale\u017cy mie\u0107 \u015bwiadomo\u015b\u0107 tego?<br \/>\nTrzeba zacz\u0105\u0107 od tego, \u017ce wynajem sprz\u0119tu eventowego to specjalizacja firm, kt\u00f3re dostarczaj\u0105 rozwi\u0105zania najwy\u017cszej jako\u015bci dla firm czy os\u00f3b, kt\u00f3re zajmuj\u0105 si\u0119 organizowaniem przyk\u0142adowo wydarze\u0144 plenerowych, takich jak pikniki firmowe czy tak\u017ce koncerty (zobacz r\u00f3wnie\u017c: <a href=\"https:\/\/sprzeteventowy.pl\/kategoria-produktu\/namioty\/\">namioty do wynaj\u0119cia<\/a>). Co za tym idzie, w ofercie znajdziemy nie tylko namioty zar\u00f3wno ekspresowe, jak te\u017c namioty gwiazda, kt\u00f3re s\u0142u\u017c\u0105 do aran\u017cacji strefy wypoczynkowej w trakcie eventu, niemniej jednak tak\u017ce barierki, kt\u00f3re s\u0142u\u017c\u0105 do zabezpieczenia wydzielonej strefy. Nie zapominajmy r\u00f3wnie\u017c o tym, \u017ce w ofercie znajdziemy podesty sceniczne, kt\u00f3re s\u0142u\u017c\u0105 do wykonywania sceny. S\u0105 to r\u00f3wnie\u017c inne rozwi\u0105zania, np takie jak meble eventowe czy te\u017c parasole piwne a tak\u017ce hale namiotowe, kt\u00f3re przeznaczone s\u0105 na wi\u0119ksz\u0105 liczb\u0119 uczestnik\u00f3w wydarzenia. Powinno si\u0119 wspomnie\u0107 r\u00f3wnie\u017c o tym, \u017ce wynajem sprz\u0119tu eventowego obejmuje nag\u0142o\u015bnienie, jak r\u00f3wnie\u017c sprz\u0119t zwi\u0105zany z multimediami oraz o\u015bwietleniem. Co za tym idzie, w jednym miejscu znajdziemy wszystko, co b\u0119dzie potrzebne do eventu.<br \/>\n<br \/>Wi\u0119cej informacji: <a href=\"https:\/\/sprzeteventowy.pl\/wynajem\/\">wynajem sprz\u0119tu eventowego<\/a>.<\/p>\n","protected":false},"excerpt":{"rendered":"<p>Zorganizowanie eventu to nie lada wyzwanie, kt\u00f3re wymaga mi\u0119dzy innymi sporz\u0105dzenia szczeg\u00f3\u0142owego harmonogramu dzia\u0142a\u0144, a zatem skorelowania r\u00f3\u017cnorakich dzia\u0142a\u0144 logistycznych. Nie zapominajmy o tym, \u017ce fundamentem udanego wydarzenia rodzinnego czy tak\u017ce firmowego jest przede wszystkim odpowiednia aran\u017cacja przestrzeni, a wi\u0119c stosowanie odpowiedniego sprz\u0119tu. Dlatego te\u017c tak du\u017cym zainteresowaniem klient\u00f3w zajmuj\u0105cych si\u0119 organizacj\u0105 event\u00f3w ciesz\u0105 si\u0119 [&hellip;]<\/p>\n","protected":false},"author":1,"featured_media":0,"comment_status":"closed","ping_status":"open","sticky":false,"template":"","format":"standard","meta":[],"categories":[1],"tags":[],"_links":{"self":[{"href":"http:\/\/miniblog.pagekreacje.pl\/index.php?rest_route=\/wp\/v2\/posts\/9897"}],"collection":[{"href":"http:\/\/miniblog.pagekreacje.pl\/index.php?rest_route=\/wp\/v2\/posts"}],"about":[{"href":"http:\/\/miniblog.pagekreacje.pl\/index.php?rest_route=\/wp\/v2\/types\/post"}],"author":[{"embeddable":true,"href":"http:\/\/miniblog.pagekreacje.pl\/index.php?rest_route=\/wp\/v2\/users\/1"}],"replies":[{"embeddable":true,"href":"http:\/\/miniblog.pagekreacje.pl\/index.php?rest_route=%2Fwp%2Fv2%2Fcomments&post=9897"}],"version-history":[{"count":1,"href":"http:\/\/miniblog.pagekreacje.pl\/index.php?rest_route=\/wp\/v2\/posts\/9897\/revisions"}],"predecessor-version":[{"id":9898,"href":"http:\/\/miniblog.pagekreacje.pl\/index.php?rest_route=\/wp\/v2\/posts\/9897\/revisions\/9898"}],"wp:attachment":[{"href":"http:\/\/miniblog.pagekreacje.pl\/index.php?rest_route=%2Fwp%2Fv2%2Fmedia&parent=9897"}],"wp:term":[{"taxonomy":"category","embeddable":true,"href":"http:\/\/miniblog.pagekreacje.pl\/index.php?rest_route=%2Fwp%2Fv2%2Fcategories&post=9897"},{"taxonomy":"post_tag","embeddable":true,"href":"http:\/\/miniblog.pagekreacje.pl\/index.php?rest_route=%2Fwp%2Fv2%2Ftags&post=9897"}],"curies":[{"name":"wp","href":"https:\/\/api.w.org\/{rel}","templated":true}]}}