{"id":9528,"date":"2022-01-22T23:57:04","date_gmt":"2022-01-22T23:57:04","guid":{"rendered":"http:\/\/miniblog.pagekreacje.pl\/?p=9528"},"modified":"2022-01-22T23:57:04","modified_gmt":"2022-01-22T23:57:04","slug":"montaz-wentylacji","status":"publish","type":"post","link":"http:\/\/miniblog.pagekreacje.pl\/?p=9528","title":{"rendered":"Monta\u017c wentylacji"},"content":{"rendered":"<p>Aktualnie rosn\u0105cym zainteresowaniem ciesz\u0105 si\u0119 profesjonalne firmy, kt\u00f3re \u015bwiadcz\u0105 bardzo dobrej jako\u015bci us\u0142ugi z bran\u017cy instalacyjnej. Kto mo\u017ce z nich korzysta\u0107? Mi\u0119dzy innymi s\u0105 to klienci indywidualni. To nie wszystko.<!--more--><\/p>\n<p>  Warto zauwa\u017cy\u0107, \u017ce generalnie oferta jest ukierunkowana nie tylko do inwestor\u00f3w indywidualnych. Chodzi tak\u017ce o deweloper\u00f3w oraz inwestor\u00f3w instytucjonalnych. Z kim jeszcze kooperuj\u0105 na co dzie\u0144 eksperci? S\u0105 to architekci i tak dalej. Trzeba zauwa\u017cy\u0107, \u017ce na rynku nie brakuje ekspert\u00f3w, kt\u00f3rzy gwarantuj\u0105 naprawd\u0119 bardzo dobrej jako\u015bci us\u0142ugi, kt\u00f3re s\u0105 nie tylko i wy\u0142\u0105cznie profesjonalne, ale r\u00f3wnie\u017c wyj\u0105tkowo uniwersalne. Co jest tutaj oferowane? Powinno si\u0119 zauwa\u017cy\u0107, \u017ce wentylacja pozna\u0144 to taki temat, kt\u00f3ry tak de facto dla fachowc\u00f3w nie stanowi \u017cadnego wi\u0119kszego problemu. Chcecie natomiast, aby w Waszym domu zago\u015bci\u0142a w\u0142a\u015bciwa wentylacja pozna\u0144? Nie posiadacie kwalifikacji w ramach tego zagadnienia? Chcecie, by takim tematem zajmowali si\u0119 profesjonali\u015bci z prawdziwego zdarzenia? Powinno si\u0119 zauwa\u017cy\u0107, \u017ce na szcz\u0119\u015bcie takich nie brakuje. Co jest tutaj proponowane? To na przyk\u0142ad wentylacja mechaniczna z rekuperacj\u0105 itd. Wszystko b\u0119dzie z du\u017c\u0105 dok\u0142adno\u015bci\u0105 zaplanowane, zaprojektowane, a potem zainstalowane. Dla ekspert\u00f3w rekuperacja pozna\u0144 nie stanowi \u017cadnej tajemnicy. My\u015blicie nad tym w\u0142a\u015bnie tematem? Chcecie zdecydowa\u0107 si\u0119 na to, aby rekuperacja pozna\u0144 by\u0142a w Waszych domach albo mieszkaniach? W takiej okoliczno\u015bci tym bardziej warto zdecydowa\u0107 si\u0119 na fachowc\u00f3w. Na skutek tego rekuperacja pozna\u0144 b\u0119dzie odpowiednio zamontowana.<br \/>\n<br \/>Polecam: <a href=\"https:\/\/gsinwent.pl\">klimatyzacja monta\u017c pozna\u0144<\/a>.<\/p>\n","protected":false},"excerpt":{"rendered":"<p>Aktualnie rosn\u0105cym zainteresowaniem ciesz\u0105 si\u0119 profesjonalne firmy, kt\u00f3re \u015bwiadcz\u0105 bardzo dobrej jako\u015bci us\u0142ugi z bran\u017cy instalacyjnej. Kto mo\u017ce z nich korzysta\u0107? Mi\u0119dzy innymi s\u0105 to klienci indywidualni. To nie wszystko.<\/p>\n","protected":false},"author":1,"featured_media":0,"comment_status":"closed","ping_status":"open","sticky":false,"template":"","format":"standard","meta":[],"categories":[1],"tags":[],"_links":{"self":[{"href":"http:\/\/miniblog.pagekreacje.pl\/index.php?rest_route=\/wp\/v2\/posts\/9528"}],"collection":[{"href":"http:\/\/miniblog.pagekreacje.pl\/index.php?rest_route=\/wp\/v2\/posts"}],"about":[{"href":"http:\/\/miniblog.pagekreacje.pl\/index.php?rest_route=\/wp\/v2\/types\/post"}],"author":[{"embeddable":true,"href":"http:\/\/miniblog.pagekreacje.pl\/index.php?rest_route=\/wp\/v2\/users\/1"}],"replies":[{"embeddable":true,"href":"http:\/\/miniblog.pagekreacje.pl\/index.php?rest_route=%2Fwp%2Fv2%2Fcomments&post=9528"}],"version-history":[{"count":1,"href":"http:\/\/miniblog.pagekreacje.pl\/index.php?rest_route=\/wp\/v2\/posts\/9528\/revisions"}],"predecessor-version":[{"id":9529,"href":"http:\/\/miniblog.pagekreacje.pl\/index.php?rest_route=\/wp\/v2\/posts\/9528\/revisions\/9529"}],"wp:attachment":[{"href":"http:\/\/miniblog.pagekreacje.pl\/index.php?rest_route=%2Fwp%2Fv2%2Fmedia&parent=9528"}],"wp:term":[{"taxonomy":"category","embeddable":true,"href":"http:\/\/miniblog.pagekreacje.pl\/index.php?rest_route=%2Fwp%2Fv2%2Fcategories&post=9528"},{"taxonomy":"post_tag","embeddable":true,"href":"http:\/\/miniblog.pagekreacje.pl\/index.php?rest_route=%2Fwp%2Fv2%2Ftags&post=9528"}],"curies":[{"name":"wp","href":"https:\/\/api.w.org\/{rel}","templated":true}]}}