{"id":9439,"date":"2021-12-24T02:53:05","date_gmt":"2021-12-24T02:53:05","guid":{"rendered":"http:\/\/miniblog.pagekreacje.pl\/?p=9439"},"modified":"2021-12-24T02:53:05","modified_gmt":"2021-12-24T02:53:05","slug":"fotografia-dla-firm","status":"publish","type":"post","link":"http:\/\/miniblog.pagekreacje.pl\/?p=9439","title":{"rendered":"Fotografia dla firm"},"content":{"rendered":"<p>Coraz cz\u0119\u015bciej korzystamy z us\u0142ug fotografa, o ile pragniemy upami\u0119tni\u0107 np bardzo wa\u017cn\u0105 uroczysto\u015b\u0107 rodzinn\u0105, np tak\u0105 jak wesele. Warto doda\u0107 natomiast o tym, \u017ce us\u0142ugi fotograficzne to nie tylko i wy\u0142\u0105cznie sesje zdj\u0119ciowe z wydarze\u0144 rodzinnych, niemniej jednak r\u00f3wnie\u017c fotografia dla firm, kt\u00f3ra obejmuje w g\u0142\u00f3wnej mierze fotografi\u0119 eventow\u0105.Us\u0142ugi fotograficzne dla firm &#8211; na co zwr\u00f3ci\u0107 uwag\u0119?Us\u0142ugi fotograficzne realizowane s\u0105 przez profesjonalnych fotograf\u00f3w, kt\u00f3rzy maj\u0105 do dyspozycji dobry sprz\u0119t, kt\u00f3ry pozwala na tworzenie zdj\u0119\u0107 w wysokiej rozdzielczo\u015bci, kt\u00f3re nast\u0119pnie mog\u0105 by\u0107 wykorzystane na przyk\u0142ad na stronie danej firmy.<!--more--><\/p>\n<p>  Warto by\u0107 \u015bwiadomym o tym, \u017ce fotografia industrialna to bardzo cz\u0119sto wykorzystywane narz\u0119dzia marketingowe, kt\u00f3re s\u0142u\u017c\u0105 do zaprezentowania firmy w pozytywnym zyskownym \u015bwietle (warto sprawdzi\u0107: <a href=\"https:\/\/impact-photo.pl\/fotografia-przemyslowa\/\">fotografia przemys\u0142owa<\/a>). Jest to us\u0142uga ukierunkowana do przedsi\u0119biorc\u00f3w dzia\u0142aj\u0105cych w sektorze przemys\u0142owym, kt\u00f3rzy chc\u0105 przyk\u0142adowo w social media lub na swojej stronie internetowej zilustrowa\u0107 w\u0142asn\u0105 prac\u0119, a wi\u0119c na przyk\u0142ad zak\u0142ad produkcyjny, parki technologiczne, firmow\u0105 flot\u0119, czy pracownik\u00f3w. Odpowiednia prezentacja firmy przek\u0142ada si\u0119 nie tylko na wzrost zainteresowania jej dzia\u0142alno\u015bci\u0105, ale tak\u017ce wzrost zaufania (zobacz: <a href=\"https:\/\/impact-photo.pl\/fotografia-biznesowa\/\">fotografia biznesowa<\/a>). Warto zatem inwestowa\u0107 w zdj\u0119cia bardzo wysokiej jako\u015bci, kt\u00f3re zaprezentuj\u0105 nasz\u0105 firm\u0119 w w\u0142a\u015bciwym \u015bwietle. Dodatkowo powinno si\u0119 zaznaczy\u0107, \u017ce zdj\u0119cia firmowe to r\u00f3wnie\u017c fotografie pochodz\u0105ce z wydarze\u0144 takich jak piknik firmowy, konferencje, szkolenie czy spotkanie integracyjne pracownik\u00f3w. S\u0105 to zatem us\u0142ugi, kt\u00f3re obejmuj\u0105 wykonywanie fotografii na zlecenie indywidualne klienta.<br \/>Sprawd\u017a r\u00f3wnie\u017c informacje na stronie: <a href=\"https:\/\/impact-photo.pl\">fotografia industrialna<\/a>.<\/p>\n","protected":false},"excerpt":{"rendered":"<p>Coraz cz\u0119\u015bciej korzystamy z us\u0142ug fotografa, o ile pragniemy upami\u0119tni\u0107 np bardzo wa\u017cn\u0105 uroczysto\u015b\u0107 rodzinn\u0105, np tak\u0105 jak wesele. Warto doda\u0107 natomiast o tym, \u017ce us\u0142ugi fotograficzne to nie tylko i wy\u0142\u0105cznie sesje zdj\u0119ciowe z wydarze\u0144 rodzinnych, niemniej jednak r\u00f3wnie\u017c fotografia dla firm, kt\u00f3ra obejmuje w g\u0142\u00f3wnej mierze fotografi\u0119 eventow\u0105.Us\u0142ugi fotograficzne dla firm &#8211; na [&hellip;]<\/p>\n","protected":false},"author":1,"featured_media":0,"comment_status":"closed","ping_status":"open","sticky":false,"template":"","format":"standard","meta":[],"categories":[1],"tags":[],"_links":{"self":[{"href":"http:\/\/miniblog.pagekreacje.pl\/index.php?rest_route=\/wp\/v2\/posts\/9439"}],"collection":[{"href":"http:\/\/miniblog.pagekreacje.pl\/index.php?rest_route=\/wp\/v2\/posts"}],"about":[{"href":"http:\/\/miniblog.pagekreacje.pl\/index.php?rest_route=\/wp\/v2\/types\/post"}],"author":[{"embeddable":true,"href":"http:\/\/miniblog.pagekreacje.pl\/index.php?rest_route=\/wp\/v2\/users\/1"}],"replies":[{"embeddable":true,"href":"http:\/\/miniblog.pagekreacje.pl\/index.php?rest_route=%2Fwp%2Fv2%2Fcomments&post=9439"}],"version-history":[{"count":1,"href":"http:\/\/miniblog.pagekreacje.pl\/index.php?rest_route=\/wp\/v2\/posts\/9439\/revisions"}],"predecessor-version":[{"id":9440,"href":"http:\/\/miniblog.pagekreacje.pl\/index.php?rest_route=\/wp\/v2\/posts\/9439\/revisions\/9440"}],"wp:attachment":[{"href":"http:\/\/miniblog.pagekreacje.pl\/index.php?rest_route=%2Fwp%2Fv2%2Fmedia&parent=9439"}],"wp:term":[{"taxonomy":"category","embeddable":true,"href":"http:\/\/miniblog.pagekreacje.pl\/index.php?rest_route=%2Fwp%2Fv2%2Fcategories&post=9439"},{"taxonomy":"post_tag","embeddable":true,"href":"http:\/\/miniblog.pagekreacje.pl\/index.php?rest_route=%2Fwp%2Fv2%2Ftags&post=9439"}],"curies":[{"name":"wp","href":"https:\/\/api.w.org\/{rel}","templated":true}]}}