{"id":9402,"date":"2021-12-19T04:19:05","date_gmt":"2021-12-19T04:19:05","guid":{"rendered":"http:\/\/miniblog.pagekreacje.pl\/?p=9402"},"modified":"2021-12-19T04:19:05","modified_gmt":"2021-12-19T04:19:05","slug":"fotografia-industrialna-dla-firm","status":"publish","type":"post","link":"http:\/\/miniblog.pagekreacje.pl\/?p=9402","title":{"rendered":"Fotografia industrialna dla firm"},"content":{"rendered":"<p>O ile potrzebujemy specjalistycznych sesji zdj\u0119ciowych, to z ca\u0142\u0105 pewno\u015bci\u0105 warto skorzysta\u0107 z do\u015bwiadczonych firm, kt\u00f3re oferuj\u0105 mi\u0119dzy innymi zdj\u0119cia firmowe. Powinno si\u0119 pami\u0119ta\u0107 o tym, \u017ce profesjonalna fotografia to g\u0142\u00f3wnie bardzo dobry sprz\u0119t, ale tak\u017ce do\u015bwiadczeni i utalentowani fotografowie.Us\u0142ugi fotograficzne &#8211; na co zwr\u00f3ci\u0107 uwag\u0119?Us\u0142ugi fotograficzne skierowane s\u0105 zar\u00f3wno do os\u00f3b indywidualnych, jak te\u017c coraz cz\u0119\u015bciej do klient\u00f3w biznesowych, a wi\u0119c r\u00f3\u017cnorakich podmiot\u00f3w gospodarczych.<!--more--><\/p>\n<p>  Bardzo cz\u0119sto z takich us\u0142ug korzystaj\u0105 firmy np w sektorze przemys\u0142owym, kt\u00f3re pragn\u0105 zademonstrowa\u0107 si\u0119 swoim klientom i kontrahentom w jak odpowiednim \u015bwietle za pomoc\u0105 odpowiedniej oprawy fotograficznej (zobacz tak\u017ce: <a href=\"https:\/\/impact-photo.pl\/fotografia-przemyslowa\/\">fotografia przemys\u0142owa<\/a>). Trzeba jednak pami\u0119ta\u0107 o tym, \u017ce fotografia industrialna wymaga przede wszystkim dobrego podej\u015bcia, sprz\u0119tu, jak r\u00f3wnie\u017c umiej\u0119tnego uchwycenia najwa\u017cniejszych cech danego przedsi\u0119biorstwa. Warto zatem to zadanie odda\u0107 w r\u0119ce specjalist\u00f3w, kt\u00f3rzy nie tylko dysponuj\u0105 zaawansowanym sprz\u0119tem, ale tak\u017ce maj\u0105 do\u015bwiadczenie i potrafi\u0105 w jak najlepszy spos\u00f3b zademonstrowa\u0107 hale magazynowe, hale produkcyjne czy pracownik\u00f3w przy pracy. Przy tym us\u0142ugi fotograficzne obejmuj\u0105 r\u00f3wnie\u017c fotografie realizowane na specjalne \u017cyczenia firm, kt\u00f3re mo\u017ce dotyczy\u0107 np fotografowania wydarzenia plenerowego (sprawd\u017a: <a href=\"https:\/\/impact-photo.pl\/fotografia-biznesowa\/\">fotografia biznesowa<\/a>). Jest to tak\u017ce fotografia reporta\u017cowa, czyli pokazanie relacji fotograficznej z jakiego\u015b wydarzenia. Jak si\u0119 wi\u0119c okazuje, us\u0142ugi fotograficzne maj\u0105 charakter rozbudowany i dostosowane s\u0105 do indywidualnych potrzeb klienta.<br \/>Zobacz tak\u017ce: <a href=\"https:\/\/impact-photo.pl\">fotografia industrialna<\/a>.<\/p>\n","protected":false},"excerpt":{"rendered":"<p>O ile potrzebujemy specjalistycznych sesji zdj\u0119ciowych, to z ca\u0142\u0105 pewno\u015bci\u0105 warto skorzysta\u0107 z do\u015bwiadczonych firm, kt\u00f3re oferuj\u0105 mi\u0119dzy innymi zdj\u0119cia firmowe. Powinno si\u0119 pami\u0119ta\u0107 o tym, \u017ce profesjonalna fotografia to g\u0142\u00f3wnie bardzo dobry sprz\u0119t, ale tak\u017ce do\u015bwiadczeni i utalentowani fotografowie.Us\u0142ugi fotograficzne &#8211; na co zwr\u00f3ci\u0107 uwag\u0119?Us\u0142ugi fotograficzne skierowane s\u0105 zar\u00f3wno do os\u00f3b indywidualnych, jak te\u017c [&hellip;]<\/p>\n","protected":false},"author":1,"featured_media":0,"comment_status":"closed","ping_status":"open","sticky":false,"template":"","format":"standard","meta":[],"categories":[1],"tags":[],"_links":{"self":[{"href":"http:\/\/miniblog.pagekreacje.pl\/index.php?rest_route=\/wp\/v2\/posts\/9402"}],"collection":[{"href":"http:\/\/miniblog.pagekreacje.pl\/index.php?rest_route=\/wp\/v2\/posts"}],"about":[{"href":"http:\/\/miniblog.pagekreacje.pl\/index.php?rest_route=\/wp\/v2\/types\/post"}],"author":[{"embeddable":true,"href":"http:\/\/miniblog.pagekreacje.pl\/index.php?rest_route=\/wp\/v2\/users\/1"}],"replies":[{"embeddable":true,"href":"http:\/\/miniblog.pagekreacje.pl\/index.php?rest_route=%2Fwp%2Fv2%2Fcomments&post=9402"}],"version-history":[{"count":1,"href":"http:\/\/miniblog.pagekreacje.pl\/index.php?rest_route=\/wp\/v2\/posts\/9402\/revisions"}],"predecessor-version":[{"id":9403,"href":"http:\/\/miniblog.pagekreacje.pl\/index.php?rest_route=\/wp\/v2\/posts\/9402\/revisions\/9403"}],"wp:attachment":[{"href":"http:\/\/miniblog.pagekreacje.pl\/index.php?rest_route=%2Fwp%2Fv2%2Fmedia&parent=9402"}],"wp:term":[{"taxonomy":"category","embeddable":true,"href":"http:\/\/miniblog.pagekreacje.pl\/index.php?rest_route=%2Fwp%2Fv2%2Fcategories&post=9402"},{"taxonomy":"post_tag","embeddable":true,"href":"http:\/\/miniblog.pagekreacje.pl\/index.php?rest_route=%2Fwp%2Fv2%2Ftags&post=9402"}],"curies":[{"name":"wp","href":"https:\/\/api.w.org\/{rel}","templated":true}]}}