{"id":9048,"date":"2021-11-01T07:40:07","date_gmt":"2021-11-01T07:40:07","guid":{"rendered":"http:\/\/miniblog.pagekreacje.pl\/?p=9048"},"modified":"2021-11-01T07:40:07","modified_gmt":"2021-11-01T07:40:07","slug":"integracja-sensoryczna-dla-dzieci","status":"publish","type":"post","link":"http:\/\/miniblog.pagekreacje.pl\/?p=9048","title":{"rendered":"Integracja sensoryczna dla dzieci"},"content":{"rendered":"<p>W przypadku zdiagnozowania u dziecka pewnych nieprawid\u0142owo\u015bci, na przyk\u0142ad zaburzenia w zakresie integracji sensorycznej, nale\u017cy niezw\u0142ocznie zg\u0142osi\u0107 si\u0119 po pomoc do specjalisty. Po szczeg\u00f3\u0142owych badaniach diagnostycznych pacjent w tak zaistnia\u0142ej okoliczno\u015bci jest skierowany do o\u015brodka rehabilitacyjnego, gdzie podejmowane jest leczenie. Takie o\u015brodki rehabilitacyjne to w g\u0142\u00f3wnej mierze integracja sensoryczna warszawa.<!--more--><\/p>\n<p> Kompleksowa pomoc rehabilitacyjna &#8211; na co zwr\u00f3ci\u0107 uwag\u0119?<br \/>\nTrzeba zacz\u0105\u0107 od tego, \u017ce im przedtem zg\u0142osimy si\u0119 do specjalisty, przyk\u0142adowo neurologa dzieci\u0119cego, tym lepiej dla naszego dziecka. Nie nale\u017cy lekcewa\u017cy\u0107 \u017cadnych objaw\u00f3w, na przyk\u0142ad takich jak nadwra\u017cliwo\u015b\u0107 na bod\u017ace dotykowe, poniewa\u017c jest to cz\u0119sty objaw wyst\u0119puj\u0105cych zaburze\u0144 w zakresie integracji sensorycznej. Ponadto, warto zwr\u00f3ci\u0107 te\u017c uwag\u0119 na zaburzenia mowy wyst\u0119puj\u0105ce u dzieci, poniewa\u017c w takim przypadku b\u0119dziemy musieli chyba korzysta\u0107 z pomocy specjalisty, takiego jak logopeda dzieci\u0119cy warszawa. G\u0142\u00f3wn\u0105 kwesti\u0105 w przypadku wyst\u0119powania zaburze\u0144 mowy jest stwierdzenie ich przyczyny, kt\u00f3ra niekiedy le\u017cy w uk\u0142adzie nerwowym, dlatego na prawd\u0119 bardzo cz\u0119sto potrzebne s\u0105 tak\u017ce konsultacje z neurologiem. Jednak to w\u0142a\u015bnie diagnoza jest fundamentem dobrania adekwatnej terapii rehabilitacyjnej dla dziecka, dlatego badania diagnostyczne powinno by\u0107 jak najbardziej szczeg\u00f3\u0142owe. Nie zapominajmy r\u00f3wnie\u017c o tym, \u017ce rehabilitacja to tak\u017ce fizjoterapeuta dzieci\u0119cy. Warto zatem skorzysta\u0107 z kompleksowej pomocy rehabilitacyjnej dla niewielkich pacjent\u00f3w.<br \/>\n<br \/>Sprawd\u017a: <a href=\"http:\/\/www.medicababy.pl\">ndt bemowo<\/a>.<\/p>\n","protected":false},"excerpt":{"rendered":"<p>W przypadku zdiagnozowania u dziecka pewnych nieprawid\u0142owo\u015bci, na przyk\u0142ad zaburzenia w zakresie integracji sensorycznej, nale\u017cy niezw\u0142ocznie zg\u0142osi\u0107 si\u0119 po pomoc do specjalisty. Po szczeg\u00f3\u0142owych badaniach diagnostycznych pacjent w tak zaistnia\u0142ej okoliczno\u015bci jest skierowany do o\u015brodka rehabilitacyjnego, gdzie podejmowane jest leczenie. Takie o\u015brodki rehabilitacyjne to w g\u0142\u00f3wnej mierze integracja sensoryczna warszawa.<\/p>\n","protected":false},"author":1,"featured_media":0,"comment_status":"closed","ping_status":"open","sticky":false,"template":"","format":"standard","meta":[],"categories":[1],"tags":[],"_links":{"self":[{"href":"http:\/\/miniblog.pagekreacje.pl\/index.php?rest_route=\/wp\/v2\/posts\/9048"}],"collection":[{"href":"http:\/\/miniblog.pagekreacje.pl\/index.php?rest_route=\/wp\/v2\/posts"}],"about":[{"href":"http:\/\/miniblog.pagekreacje.pl\/index.php?rest_route=\/wp\/v2\/types\/post"}],"author":[{"embeddable":true,"href":"http:\/\/miniblog.pagekreacje.pl\/index.php?rest_route=\/wp\/v2\/users\/1"}],"replies":[{"embeddable":true,"href":"http:\/\/miniblog.pagekreacje.pl\/index.php?rest_route=%2Fwp%2Fv2%2Fcomments&post=9048"}],"version-history":[{"count":1,"href":"http:\/\/miniblog.pagekreacje.pl\/index.php?rest_route=\/wp\/v2\/posts\/9048\/revisions"}],"predecessor-version":[{"id":9049,"href":"http:\/\/miniblog.pagekreacje.pl\/index.php?rest_route=\/wp\/v2\/posts\/9048\/revisions\/9049"}],"wp:attachment":[{"href":"http:\/\/miniblog.pagekreacje.pl\/index.php?rest_route=%2Fwp%2Fv2%2Fmedia&parent=9048"}],"wp:term":[{"taxonomy":"category","embeddable":true,"href":"http:\/\/miniblog.pagekreacje.pl\/index.php?rest_route=%2Fwp%2Fv2%2Fcategories&post=9048"},{"taxonomy":"post_tag","embeddable":true,"href":"http:\/\/miniblog.pagekreacje.pl\/index.php?rest_route=%2Fwp%2Fv2%2Ftags&post=9048"}],"curies":[{"name":"wp","href":"https:\/\/api.w.org\/{rel}","templated":true}]}}