{"id":802,"date":"2014-04-05T02:36:34","date_gmt":"2014-04-05T02:36:34","guid":{"rendered":"http:\/\/miniblog.pagekreacje.pl\/?p=802"},"modified":"2014-04-05T02:36:34","modified_gmt":"2014-04-05T02:36:34","slug":"wyglad-naszych-okien-szyny-sufitowe","status":"publish","type":"post","link":"http:\/\/miniblog.pagekreacje.pl\/?p=802","title":{"rendered":"Wygl\u0105d naszych okien &#8211; szyny sufitowe"},"content":{"rendered":"<p>Nale\u017cy powiedzie\u0107, \u017ce okna s\u0105 bardzo wa\u017cne w ka\u017cdym mieszkaniu i domu. To teraz one doprowadzaj\u0105 odpowiedni\u0105 ilo\u015b\u0107 \u015bwiat\u0142a i decyduj\u0105 o tym, \u017ce we wn\u0119trzu b\u0119dzie jasno, czy raczej dosy\u0107 ciemno. Same okna potrzebuj\u0105 tak\u017ce adekwatnej aran\u017cacji, tak aby prezentowa\u0142y si\u0119 poprawnie oraz oddziela\u0142y wn\u0119trze od wzroku innych. <!--more--> Opr\u00f3cz samego doboru firanek , a opr\u00f3cz tego zas\u0142on, najwa\u017cniejsze jest, a\u017ceby wybra\u0107 odpowiednie karnisze. W wielu wypadkach to ju\u017c one same w sobie gwarantuj\u0105 odpowiedni\u0105 dekoracj\u0119, poza tym to od ichniejszym wyboru zale\u017cy co b\u0119dzie mog\u0142o si\u0119 na nich znajdowa\u0107. Taki wyb\u00f3r jest istotny, poniewa\u017c karnisze w znacz\u0105cej liczbie przypadk\u00f3w s\u0142u\u017c\u0105 nam przez d\u0142ugie lata. Karnisze powinni\u015bmy wybiera\u0107 ju\u017c jako ostatni element aran\u017cacji naszego wn\u0119trza i wtedy b\u0119dziemy ju\u017c wiedzieli w jaki spos\u00f3b powinny wygl\u0105da\u0107 i co b\u0119dzie pasowa\u0107. Warto zwr\u00f3ci\u0107 uwag\u0119 a\u017ceby pasowa\u0142y do oku\u0107 mebli, do lamp, a tak\u017ce innych element\u00f3w wystroju. W\u0142a\u015bnie posiadamy bardzo bogat\u0105 propozycj\u0119 r\u00f3\u017cnorakich karniszy, dzi\u0119ki czemu mo\u017cemy wybra\u0107 najlepsze, czyli takie, kt\u00f3re nam si\u0119 najlepiej podobaj\u0105. Poza tradycyjnych karniszy, nazywanych dr\u0105\u017ckowymi to mo\u017cemy te\u017c u\u017cy\u0107 karniszy szynowych (szyny sufitowe), kt\u00f3re montuje si\u0119 bezpo\u015brednio do sufitu. Takie szyny s\u0105 komfortowe w u\u017cytkowaniu i mo\u017cna je dowolnie dopasowywa\u0107 do u\u0142o\u017cenia okien (skosy, \u0142amanie itp.). \u017babki mocowane s\u0105 do rolek i bardzo \u0142atwo si\u0119 przesuwaj\u0105.\u00a0 Nale\u017cy r\u00f3wnie\u017c powiedzie\u0107, \u017ce nie prawie ka\u017cdy lubi firanki, lub r\u00f3wnie\u017c nie na ka\u017cdym kroku firanki nadaj\u0105 si\u0119 jako szczeg\u00f3\u0142 wystroju wn\u0119trza. W niekt\u00f3rych miejscach jak np. w biurach, na strychu itd. ca\u0142kiem dobrze mog\u0105 si\u0119 sprawdzi\u0107 rolety, kt\u00f3re s\u0105 praktyczne i w\u0142a\u015bciwie si\u0119 prezentuj\u0105.<\/p>\n<p>Zobacz wi\u0119cej: <a href=\"http:\/\/studio-dekor.pl\/\">karnisze Kielce<\/p>\n","protected":false},"excerpt":{"rendered":"<p>Nale\u017cy powiedzie\u0107, \u017ce okna s\u0105 bardzo wa\u017cne w ka\u017cdym mieszkaniu i domu. To teraz one doprowadzaj\u0105 odpowiedni\u0105 ilo\u015b\u0107 \u015bwiat\u0142a i decyduj\u0105 o tym, \u017ce we wn\u0119trzu b\u0119dzie jasno, czy raczej dosy\u0107 ciemno. Same okna potrzebuj\u0105 tak\u017ce adekwatnej aran\u017cacji, tak aby prezentowa\u0142y si\u0119 poprawnie oraz oddziela\u0142y wn\u0119trze od wzroku innych.<\/p>\n","protected":false},"author":1,"featured_media":0,"comment_status":"open","ping_status":"open","sticky":false,"template":"","format":"standard","meta":[],"categories":[1],"tags":[],"_links":{"self":[{"href":"http:\/\/miniblog.pagekreacje.pl\/index.php?rest_route=\/wp\/v2\/posts\/802"}],"collection":[{"href":"http:\/\/miniblog.pagekreacje.pl\/index.php?rest_route=\/wp\/v2\/posts"}],"about":[{"href":"http:\/\/miniblog.pagekreacje.pl\/index.php?rest_route=\/wp\/v2\/types\/post"}],"author":[{"embeddable":true,"href":"http:\/\/miniblog.pagekreacje.pl\/index.php?rest_route=\/wp\/v2\/users\/1"}],"replies":[{"embeddable":true,"href":"http:\/\/miniblog.pagekreacje.pl\/index.php?rest_route=%2Fwp%2Fv2%2Fcomments&post=802"}],"version-history":[{"count":0,"href":"http:\/\/miniblog.pagekreacje.pl\/index.php?rest_route=\/wp\/v2\/posts\/802\/revisions"}],"wp:attachment":[{"href":"http:\/\/miniblog.pagekreacje.pl\/index.php?rest_route=%2Fwp%2Fv2%2Fmedia&parent=802"}],"wp:term":[{"taxonomy":"category","embeddable":true,"href":"http:\/\/miniblog.pagekreacje.pl\/index.php?rest_route=%2Fwp%2Fv2%2Fcategories&post=802"},{"taxonomy":"post_tag","embeddable":true,"href":"http:\/\/miniblog.pagekreacje.pl\/index.php?rest_route=%2Fwp%2Fv2%2Ftags&post=802"}],"curies":[{"name":"wp","href":"https:\/\/api.w.org\/{rel}","templated":true}]}}