{"id":768,"date":"2014-03-16T17:29:17","date_gmt":"2014-03-16T17:29:17","guid":{"rendered":"http:\/\/miniblog.pagekreacje.pl\/?p=768"},"modified":"2014-03-16T17:29:17","modified_gmt":"2014-03-16T17:29:17","slug":"nasze-wspolne-problemy-dbajmy-o-siebie-i-innych","status":"publish","type":"post","link":"http:\/\/miniblog.pagekreacje.pl\/?p=768","title":{"rendered":"Nasze wsp\u00f3lne problemy &#8211; dbajmy o siebie i innych"},"content":{"rendered":"<p>K\u0142opoty spo\u0142eczne definiuje si\u0119 jako \u0142amanie standard\u00f3w spo\u0142ecznych, kt\u00f3re s\u0105 dla nas zw\u0142aszcza cenne. Mog\u0105 stanowi\u0107 wyra\u017an\u0105 przeszkod\u0119 dla efektywnego funkcjonowania pa\u0144stwa, rodziny i poszczeg\u00f3lnych grup spo\u0142ecznych. Wielu z nas k\u0142opoty spo\u0142eczne ma na co dzie\u0144 w swoim \u017cyciu- styka si\u0119 z nimi na ka\u017cdym kroku \u2013 w domu lub w pracy. Nie ma w tym nic szczeg\u00f3lnego, ani wstydliwego. <!--more--> <\/p>\n<p>Kwestie spo\u0142eczne, zosta\u0142y, s\u0105 i b\u0119d\u0105 i nawet jedna osoba nas od nich nigdy nie uchroni. S\u0105 w nas obecne, a my staramy si\u0119 z nimi walczy\u0107 i przeciwstawia\u0107 si\u0119 nim.Wojna- jako problem spo\u0142eczny tyczy si\u0119 pa\u0144stwa i zbiorowo\u015bci ludzi, kt\u00f3rzy w niej uczestnicz\u0105. W latach wcze\u015bniejszych zjawisko wojny by\u0142o bardziej rozpowszechnione, by\u0142o na porz\u0105dku dziennym i nikogo to nie dziwi\u0142o. Wojny toczy\u0142y si\u0119 o religi\u0119, terytorium i panowanie na danym obszarze. W chwili obecnej nie dotyka nas tak bardzo, niemniej jednak istniej\u0105 i nie mo\u017cemy o tym absolutnie zapomina\u0107. Wojny mog\u0105 by\u0107 daleko od nas, ale musimy robi\u0107 wszystko, by w p\u00f3\u017aniejszym czasie by\u0142o ich jak najmniej, by w jaki spos\u00f3b najmniej niewinnych ludzi cierpia\u0142o z tego powodu. Z tym problemem \u0142\u0105czy si\u0119 ub\u00f3stwo, w ka\u017cdym wymiarze. Jest ono tera\u017aniejsze pod r\u00f3\u017cnymi postaciami i objawia si\u0119 na ka\u017cdym etapie naszego \u017cycia. Z ub\u00f3stwem da si\u0119 walczy\u0107 i mo\u017cna mu zapobiega\u0107, wdra\u017caj\u0105c w \u017cycie odpowiednie czynniki. Istnieje kilka organizacji do walki z ub\u00f3stwem, ale nie ma mo\u017cliwo\u015b\u0107 si\u0119 godzi\u0107 te\u017c na to, a\u017ceby w pa\u0144stwie, w kt\u00f3rym panuje ub\u00f3stwo, wszyscy ludzie \u017cyli ponad stan, bo to jest juz wyzysk cz\u0142owieka przez cz\u0142owieka. To jest niedopuszczalne.<\/p>\n<p>W naszych rodzinach coraz cz\u0119sto spotykamy si\u0119 z przemoc\u0105, kt\u00f3r\u0105 rzadziej udaje si\u0119 udowodni\u0107. Jej \u015blady w ka\u017cdej chwili mo\u017cna \u0142atwo i szybko wyt\u0142umaczy\u0107, bez \u017cadnych wi\u0119kszych problem\u00f3w. Ofiary przemocy domowej, w du\u017cej liczbie przypadk\u00f3w nie zdaj\u0105 sobie sprawy z konsekwencji, jakie mo\u017ce nie\u015b\u0107 takie post\u0119powanie. Boj\u0105 si\u0119 prywatnych oprawc\u00f3w i niejednokrotnie kochaj\u0105 ich i dlatego ukrywaj\u0105 to, co dzieje si\u0119 w domu. Bezrobocie jest nast\u0119pnym czynnikiem, kt\u00f3re bardzo dotyka nasze spo\u0142ecze\u0144stwo i z kt\u00f3rym, nasze pa\u0144stwo nie radzi sobie najbardziej, mimo wielu ustaw i reform, zwi\u0119kszaniu zak\u0142ad\u00f3w pracy i kwalifikacji pracownik\u00f3w. Bezrobocie jest u nas nieuniknione i nie ma jednej recepty na to, \u017ceby go tak zwyczajnie, po prostu nie by\u0142o. Prawie ka\u017cdy z nas boi si\u0119 utraty pracy i nie jest niew\u0105tpliwy czy jutro b\u0119dzie ca\u0142kiem dobrze, dlatego ca\u0142y czas si\u0119 dokszta\u0142ca i robi wszystko, \u017ceby utrzyma\u0107 to, co posiada. Jednak najwa\u017cniejsz\u0105 kwestia jest nier\u00f3wno\u015b\u0107 spo\u0142eczna, kt\u00f3ra degraduje nasz system warto\u015bci. Jest to nier\u00f3wny podzia\u0142 d\u00f3br materialnych i niematerialnych. To wszystko bierze si\u0119 z mojej g\u0142owy, naszych przekona\u0144. My jeste\u015bmy winni takiemu stanowi rzeczy.<\/p>\n<p>Nier\u00f3wno\u015b\u0107 dotyka nas wsz\u0119dzie i nie w ka\u017cdym momencie jest nam ona na r\u0119k\u0119. Niesprawiedliwe jest dla nas to, ze ten kto\u015b ma nie gorzej i ma mo\u017cliwo\u015b\u0107 sobie pozwoli\u0107 na to, czy na tamto. To wszystko jest systematycznie tym podyktowane. Niematerialne rzecz, tj. :szcz\u0119\u015bliwy los czy traf nie zale\u017c\u0105 od nas, a jednak\u017ce rodzi si\u0119 mi\u0119dzy lud\u017ami konflikt i na tej p\u0142aszczy\u017anie ie, co doprowadza do zbrodni. To wszystko jest ci\u0105giem przyczynowo-skutkowym, kt\u00f3ry ca\u0142y czas trwa i nie przestaje si\u0119 na nowo nap\u0119dza\u0107. R\u00f3\u017cne klasy spo\u0142eczne, r\u00f3\u017cnie na to patrz\u0105, maj\u0105c swoje w\u0142asne mniemanie o tym.<\/p>\n<p>Dodatkowe informacje: <a href=\"http:\/\/zoomgroups.comundefined\">www<\/a>.<\/p>\n","protected":false},"excerpt":{"rendered":"<p>K\u0142opoty spo\u0142eczne definiuje si\u0119 jako \u0142amanie standard\u00f3w spo\u0142ecznych, kt\u00f3re s\u0105 dla nas zw\u0142aszcza cenne. Mog\u0105 stanowi\u0107 wyra\u017an\u0105 przeszkod\u0119 dla efektywnego funkcjonowania pa\u0144stwa, rodziny i poszczeg\u00f3lnych grup spo\u0142ecznych. Wielu z nas k\u0142opoty spo\u0142eczne ma na co dzie\u0144 w swoim \u017cyciu- styka si\u0119 z nimi na ka\u017cdym kroku \u2013 w domu lub w pracy. Nie ma w [&hellip;]<\/p>\n","protected":false},"author":1,"featured_media":0,"comment_status":"open","ping_status":"open","sticky":false,"template":"","format":"standard","meta":[],"categories":[1],"tags":[],"_links":{"self":[{"href":"http:\/\/miniblog.pagekreacje.pl\/index.php?rest_route=\/wp\/v2\/posts\/768"}],"collection":[{"href":"http:\/\/miniblog.pagekreacje.pl\/index.php?rest_route=\/wp\/v2\/posts"}],"about":[{"href":"http:\/\/miniblog.pagekreacje.pl\/index.php?rest_route=\/wp\/v2\/types\/post"}],"author":[{"embeddable":true,"href":"http:\/\/miniblog.pagekreacje.pl\/index.php?rest_route=\/wp\/v2\/users\/1"}],"replies":[{"embeddable":true,"href":"http:\/\/miniblog.pagekreacje.pl\/index.php?rest_route=%2Fwp%2Fv2%2Fcomments&post=768"}],"version-history":[{"count":0,"href":"http:\/\/miniblog.pagekreacje.pl\/index.php?rest_route=\/wp\/v2\/posts\/768\/revisions"}],"wp:attachment":[{"href":"http:\/\/miniblog.pagekreacje.pl\/index.php?rest_route=%2Fwp%2Fv2%2Fmedia&parent=768"}],"wp:term":[{"taxonomy":"category","embeddable":true,"href":"http:\/\/miniblog.pagekreacje.pl\/index.php?rest_route=%2Fwp%2Fv2%2Fcategories&post=768"},{"taxonomy":"post_tag","embeddable":true,"href":"http:\/\/miniblog.pagekreacje.pl\/index.php?rest_route=%2Fwp%2Fv2%2Ftags&post=768"}],"curies":[{"name":"wp","href":"https:\/\/api.w.org\/{rel}","templated":true}]}}