{"id":345,"date":"2013-03-11T00:54:13","date_gmt":"2013-03-11T00:54:13","guid":{"rendered":"http:\/\/miniblog.pagekreacje.pl\/?p=345"},"modified":"2013-03-11T00:54:13","modified_gmt":"2013-03-11T00:54:13","slug":"kto-w-warszawie-wykonuje-swietny-wizaz","status":"publish","type":"post","link":"http:\/\/miniblog.pagekreacje.pl\/?p=345","title":{"rendered":"Kto w Warszawie wykonuje \u015bwietny wiza\u017c?"},"content":{"rendered":"<p>W jaki spos\u00f3b tak rzeczywi\u015bcie wed\u0142ug nas powinien wygl\u0105da\u0107 schludny  <a href=\"http:\/\/www.pomalujmnie.pl\/\">wiza\u017c warszawa<\/a>. Przede wszystkim to chyba prawie ka\u017cdy z nas wie bardzo dobrze o tym, \u017ce przecie\u017c po pierwsze, to taki makija\u017c nie ma mo\u017cliwo\u015b\u0107 by\u0107 zbyt mocny, czyli nie powinien zawiera\u0107 w sobie jaki\u015b bardzo mocnych i ciemnych barw, bo wiemy w ko\u0144cu dobrze o tym, \u017ce takiego stroju, jaki b\u0119dzie posiada\u0107 na sobie panna m\u0142oda, to taki makija\u017c raczej nie b\u0119dzie pasowa\u0142. G\u0142\u00f3wnie bardzo wa\u017cne jest to, \u017ce przecie\u017c je\u017celi ju\u017c ubranie panny m\u0142odej b\u0119dzie w kolorach jasnych, a je\u017celi ju\u017c nie w typowych i tradycyjnych kolorach takich, w jaki spos\u00f3b bia\u0142y, czy kremowy, to b\u0119dzie to na pewno kolor jasny r\u00f3\u017c, czy mo\u017ce jasny b\u0142\u0119kit, to ju\u017c bez znaczenia w sumie, bo liczy si\u0119 w ko\u0144cu to, \u017ce b\u0119dzie to kolor jasny. Je\u015bli o to chodzi, to w chwili obecnej te jasne kolory nie mog\u0105 by\u0107 wszak\u017ce na zdrowy rozs\u0105dek po\u0142\u0105czone z ciemnym makija\u017cem, bo takie zestawienie b\u0119dzie wtedy rzeczywi\u015bcie kategorycznie za ci\u0119\u017ckie, a tego jednak\u017ce nie chcia\u0142aby \u017cadna panna m\u0142oda. Po prostu makija\u017c ma podkre\u015bla\u0107 walory, ma ukrywa\u0107 wady, co jest bezdyskusyjne i r\u00f3wnie\u017c zrozumia\u0142e, ale przede wszystkim nie ma mo\u017cliwo\u015b\u0107 przy\u0107miewa\u0107 urody panny m\u0142odej, jak tez i nie ma mo\u017cliwo\u015b\u0107 nie komponowa\u0107 si\u0119 z jej ubraniem, kt\u00f3re w jaki spos\u00f3b sami idealnie wiemy, zwyczajnie musi, a raczej powinno by\u0107 jasne, przynajmniej i z tradycji po prostu. G\u0142\u00f3wnie znacz\u0105ce dla nas te\u017c powinno by\u0107 to w\u0142a\u015bnie, \u017ce wszak\u017ce w takim dniu nie mo\u017cna ukrywa\u0107 naturalnego pi\u0119kna i wdzi\u0119ku kobiety. Wszystkie barwy u\u017cyte w makija\u017c zale\u017c\u0105 od samej ju\u017c kobiety, od tego, czy posiada ciemne w\u0142osy, czy jest blondynk\u0105, czy mo\u017ce zwyczajnie posiada jasn\u0105 karnacj\u0119, czy te\u017c ciemn\u0105, bo takie detale r\u00f3wnie\u017c odgrywaj\u0105 wielkie znaczenie, ale nie mo\u017cna te\u017c z nimi przesadza\u0107, zwyczajnie b\u0105d\u017amy \u015bwiadomi tego, \u017ce makija\u017c musi by\u0107 naturalny, a co wi\u0119cej musi by\u0107 dobrze dobrany do ka\u017cdej kobiety i to jeszcze osobi\u015bcie.<\/p>\n","protected":false},"excerpt":{"rendered":"<p>W jaki spos\u00f3b tak rzeczywi\u015bcie wed\u0142ug nas powinien wygl\u0105da\u0107 schludny wiza\u017c warszawa. Przede wszystkim to chyba prawie ka\u017cdy z nas wie bardzo dobrze o tym, \u017ce przecie\u017c po pierwsze, to taki makija\u017c nie ma mo\u017cliwo\u015b\u0107 by\u0107 zbyt mocny, czyli nie powinien zawiera\u0107 w sobie jaki\u015b bardzo mocnych i ciemnych barw, bo wiemy w ko\u0144cu dobrze [&hellip;]<\/p>\n","protected":false},"author":1,"featured_media":0,"comment_status":"closed","ping_status":"closed","sticky":false,"template":"","format":"standard","meta":[],"categories":[48],"tags":[],"_links":{"self":[{"href":"http:\/\/miniblog.pagekreacje.pl\/index.php?rest_route=\/wp\/v2\/posts\/345"}],"collection":[{"href":"http:\/\/miniblog.pagekreacje.pl\/index.php?rest_route=\/wp\/v2\/posts"}],"about":[{"href":"http:\/\/miniblog.pagekreacje.pl\/index.php?rest_route=\/wp\/v2\/types\/post"}],"author":[{"embeddable":true,"href":"http:\/\/miniblog.pagekreacje.pl\/index.php?rest_route=\/wp\/v2\/users\/1"}],"replies":[{"embeddable":true,"href":"http:\/\/miniblog.pagekreacje.pl\/index.php?rest_route=%2Fwp%2Fv2%2Fcomments&post=345"}],"version-history":[{"count":0,"href":"http:\/\/miniblog.pagekreacje.pl\/index.php?rest_route=\/wp\/v2\/posts\/345\/revisions"}],"wp:attachment":[{"href":"http:\/\/miniblog.pagekreacje.pl\/index.php?rest_route=%2Fwp%2Fv2%2Fmedia&parent=345"}],"wp:term":[{"taxonomy":"category","embeddable":true,"href":"http:\/\/miniblog.pagekreacje.pl\/index.php?rest_route=%2Fwp%2Fv2%2Fcategories&post=345"},{"taxonomy":"post_tag","embeddable":true,"href":"http:\/\/miniblog.pagekreacje.pl\/index.php?rest_route=%2Fwp%2Fv2%2Ftags&post=345"}],"curies":[{"name":"wp","href":"https:\/\/api.w.org\/{rel}","templated":true}]}}