{"id":12689,"date":"2025-08-29T16:25:23","date_gmt":"2025-08-29T16:25:23","guid":{"rendered":"http:\/\/miniblog.pagekreacje.pl\/?p=12689"},"modified":"2025-08-29T16:25:23","modified_gmt":"2025-08-29T16:25:23","slug":"kompleksowe-koncepcje-aranzacji-2","status":"publish","type":"post","link":"http:\/\/miniblog.pagekreacje.pl\/?p=12689","title":{"rendered":"Kompleksowe koncepcje aran\u017cacji"},"content":{"rendered":"<p>Projektowanie przestrzeni mieszkalnej albo u\u017cytkowej wymaga uwzgl\u0119dnienia wielu czynnik\u00f3w, takich jak u\u017cyteczno\u015b\u0107, estetyka, ergonomia i indywidualne potrzeby u\u017cytkownik\u00f3w. W procesie tym wa\u017cne jest odpowiednie rozplanowanie uk\u0142adu wn\u0119trz, wyselekcjonowanie materia\u0142\u00f3w, kolorystyki oraz element\u00f3w wyposa\u017cenia, kt\u00f3re tworz\u0105 sp\u00f3jn\u0105 og\u00f3\u0142. Kompleksowe projektowanie wn\u0119trz zak\u0142ada nie tylko aspekt wizualny, niemniej jednak r\u00f3wnie\u017c techniczny, obejmuj\u0105cy instalacje elektryczne, o\u015bwietleniowe i sanitarne, co pozwala na zbudowanie przestrzeni dostosowanej do powszechnego u\u017cytkowania i r\u00f3\u017cnorodnych aktywno\u015bci domownik\u00f3w lub pracownik\u00f3w w \u015brodowisku komercyjnym.<!--more--><\/p>\n<p>  Fachowy architekt pomieszcze\u0144 potrafi po\u0142\u0105czy\u0107 te elementy, przewiduj\u0105c zar\u00f3wno potrzeby estetyczne, jak i funkcjonalne, kreuj\u0105c przestrze\u0144 harmonijn\u0105 i zorganizowan\u0105.<\/p>\n<p>Istotnym etapem w projektowaniu jest analiza potrzeb u\u017cytkownik\u00f3w oraz charakterystyki samego wn\u0119trza. Proces ten obejmuje ocen\u0119 dost\u0119pnej powierzchni, \u015bwiat\u0142a naturalnego, sposob\u00f3w aran\u017cacyjnych a tak\u017ce istniej\u0105cej infrastruktury technicznej. Projektowanie pomieszcze\u0144 mo\u017ce by\u0107 zorientowane na r\u00f3\u017cne style, od minimalistycznych po klasyczne czy przysz\u0142o\u015bciowe, co wymaga od projektanta znajomo\u015bci trend\u00f3w i materia\u0142\u00f3w, a tak\u017ce umiej\u0119tno\u015bci ich praktycznego u\u017cycia. W projektach komercyjnych istotne staje si\u0119 te\u017c optymalne przeznaczenie przestrzeni, tak aby by\u0142a ona nie tylko i wy\u0142\u0105cznie atrakcyjna wizualnie, niemniej jednak te\u017c funkcjonalna dla pracownik\u00f3w i klient\u00f3w.<\/p>\n<p>Kolejnym aspektem jest dobieranie mebli i element\u00f3w wyposa\u017cenia, kt\u00f3ry powinien uwzgl\u0119dnia\u0107 zar\u00f3wno ergonomi\u0119, jak i sp\u00f3jno\u015b\u0107 stylistyczn\u0105 z reszt\u0105 aran\u017cacji. Architekt wn\u0119trz bierze pod uwag\u0119 proporcje wn\u0119trz, wysoko\u015b\u0107 sufit\u00f3w, rodzaj pod\u0142\u00f3g i \u015bcian oraz naturalne o\u015bwietlenie, aby poszczeg\u00f3lne elementy wsp\u00f3\u0142gra\u0142y ze sob\u0105. Kompleksowe projektowanie wn\u0119trz obejmuje te\u017c planowanie o\u015bwietlenia sztucznego, kt\u00f3re wp\u0142ywa na odbi\u00f3r przestrzeni, oraz stwarza odpowiednie warunki do pracy, edukacji lub relaksu. W\u0142a\u015bciwie ka\u017cdy detal wyposa\u017cenia, od mebli po najmniejsze elementy dekoracyjne, odgrywa rol\u0119 w tworzeniu harmonijnej i praktycznej przestrzeni.<\/p>\n<p>Znaczenie fachowego wsparcia w procesie projektowania wn\u0119trz polega na tym, \u017ce architekt pomieszcze\u0144 mo\u017ce przewidzie\u0107 mo\u017cliwe k\u0142opoty i zaproponowa\u0107 rozwi\u0105zania wcze\u015bniej w fazie planowania. Dzi\u0119ki temu redukuje si\u0119 ryzyko b\u0142\u0119d\u00f3w podczas realizacji projektu i u\u0142atwia si\u0119 dostosowanie wszystkich komponent\u00f3w do siebie. Kompleksowe podej\u015bcie daje mo\u017cliwo\u015b\u0107 na integrowanie estetyki z funkcjonalno\u015bci\u0105, oraz na \u015bwiadome kszta\u0142towanie przestrzeni w spos\u00f3b, kt\u00f3ry odpowiada zar\u00f3wno potrzebom u\u017cytkownik\u00f3w, jak i wymogom technicznym budynku. W ten spos\u00f3b projektowanie pomieszcze\u0144 staje si\u0119 procesem wieloaspektowym, wymagaj\u0105cym zar\u00f3wno kreatywno\u015bci, jak i wiedzy praktycznej oraz technicznej.<br \/>\n<br \/>\u0179r\u00f3d\u0142o: <a href=\"https:\/\/inmodulo.pl\">projektowanie wn\u0119trz Toru\u0144<\/a>.<\/p>\n","protected":false},"excerpt":{"rendered":"<p>Projektowanie przestrzeni mieszkalnej albo u\u017cytkowej wymaga uwzgl\u0119dnienia wielu czynnik\u00f3w, takich jak u\u017cyteczno\u015b\u0107, estetyka, ergonomia i indywidualne potrzeby u\u017cytkownik\u00f3w. W procesie tym wa\u017cne jest odpowiednie rozplanowanie uk\u0142adu wn\u0119trz, wyselekcjonowanie materia\u0142\u00f3w, kolorystyki oraz element\u00f3w wyposa\u017cenia, kt\u00f3re tworz\u0105 sp\u00f3jn\u0105 og\u00f3\u0142. Kompleksowe projektowanie wn\u0119trz zak\u0142ada nie tylko aspekt wizualny, niemniej jednak r\u00f3wnie\u017c techniczny, obejmuj\u0105cy instalacje elektryczne, o\u015bwietleniowe i sanitarne, [&hellip;]<\/p>\n","protected":false},"author":1,"featured_media":0,"comment_status":"closed","ping_status":"open","sticky":false,"template":"","format":"standard","meta":[],"categories":[1],"tags":[],"_links":{"self":[{"href":"http:\/\/miniblog.pagekreacje.pl\/index.php?rest_route=\/wp\/v2\/posts\/12689"}],"collection":[{"href":"http:\/\/miniblog.pagekreacje.pl\/index.php?rest_route=\/wp\/v2\/posts"}],"about":[{"href":"http:\/\/miniblog.pagekreacje.pl\/index.php?rest_route=\/wp\/v2\/types\/post"}],"author":[{"embeddable":true,"href":"http:\/\/miniblog.pagekreacje.pl\/index.php?rest_route=\/wp\/v2\/users\/1"}],"replies":[{"embeddable":true,"href":"http:\/\/miniblog.pagekreacje.pl\/index.php?rest_route=%2Fwp%2Fv2%2Fcomments&post=12689"}],"version-history":[{"count":1,"href":"http:\/\/miniblog.pagekreacje.pl\/index.php?rest_route=\/wp\/v2\/posts\/12689\/revisions"}],"predecessor-version":[{"id":12690,"href":"http:\/\/miniblog.pagekreacje.pl\/index.php?rest_route=\/wp\/v2\/posts\/12689\/revisions\/12690"}],"wp:attachment":[{"href":"http:\/\/miniblog.pagekreacje.pl\/index.php?rest_route=%2Fwp%2Fv2%2Fmedia&parent=12689"}],"wp:term":[{"taxonomy":"category","embeddable":true,"href":"http:\/\/miniblog.pagekreacje.pl\/index.php?rest_route=%2Fwp%2Fv2%2Fcategories&post=12689"},{"taxonomy":"post_tag","embeddable":true,"href":"http:\/\/miniblog.pagekreacje.pl\/index.php?rest_route=%2Fwp%2Fv2%2Ftags&post=12689"}],"curies":[{"name":"wp","href":"https:\/\/api.w.org\/{rel}","templated":true}]}}