{"id":12334,"date":"2025-07-25T16:09:10","date_gmt":"2025-07-25T16:09:10","guid":{"rendered":"http:\/\/miniblog.pagekreacje.pl\/?p=12334"},"modified":"2025-07-25T16:09:10","modified_gmt":"2025-07-25T16:09:10","slug":"formy-ochrony-osobistej-i-mienia","status":"publish","type":"post","link":"http:\/\/miniblog.pagekreacje.pl\/?p=12334","title":{"rendered":"Formy ochrony osobistej i mienia"},"content":{"rendered":"<p>Dzia\u0142alno\u015b\u0107 zwi\u0105zana z ochron\u0105 os\u00f3b i mienia obejmuje szeroki zakres us\u0142ug maj\u0105cych na celu zapewnienie bezpiecze\u0144stwa w r\u00f3\u017cnorakich sytuacjach. W ramach tych dzia\u0142a\u0144 mo\u017cna wyr\u00f3\u017cni\u0107 zar\u00f3wno zabezpieczanie mienia prywatnego i firmowego, jak te\u017c ochron\u0119 os\u00f3b, kt\u00f3re mog\u0105 by\u0107 nara\u017cone na r\u00f3\u017cnorakie zagro\u017cenia w \u017cyciu zwyk\u0142ym albo zawodowym. Procesy te wymagaj\u0105 u\u017cycia odpowiednich procedur oraz sprz\u0119tu, a tak\u017ce wsp\u00f3\u0142pracy z r\u00f3\u017cnymi instytucjami, kt\u00f3re mog\u0105 wspiera\u0107 dzia\u0142ania ochronne.<!--more--><\/p>\n<p>  Zabezpieczenie mienia na prawd\u0119 cz\u0119sto wi\u0105\u017ce si\u0119 z monitorowaniem obiekt\u00f3w, kontrol\u0105 dost\u0119pu, oraz reagowaniem na potencjalne zagro\u017cenia w czasie faktycznym.<\/p>\n<p>Ochrona osobista to szczeg\u00f3lna forma zabezpieczenia skierowana na ochron\u0119 konkretnej osoby lub grupy os\u00f3b. Tego typu us\u0142ugi s\u0105 na prawd\u0119 bardzo cz\u0119sto zwi\u0105zane z konieczno\u015bci\u0105 minimalizacji ryzyka wyst\u0105pienia sytuacji zagra\u017caj\u0105cych zdrowiu czy \u017cyciu, np w kontek\u015bcie ochrony VIP-\u00f3w albo os\u00f3b nara\u017conych na przest\u0119pczo\u015b\u0107. Specyfika ochrony osobistej wymaga od os\u00f3b realizuj\u0105cych te zadania specjalistycznych kwalifikacji, znajomo\u015bci technik obrony, oraz kwalifikacji szybkiego reagowania w sytuacjach kryzysowych. W praktyce dzia\u0142ania takie mog\u0105 obejmowa\u0107 tak\u017ce planowanie tras przemieszczania si\u0119, koordynacj\u0119 dzia\u0142a\u0144 zabezpieczaj\u0105cych oraz wsp\u00f3\u0142prac\u0119 z lokalnymi s\u0142u\u017cbami porz\u0105dkowymi.<\/p>\n<p>W kontek\u015bcie zabezpieczania imprez masowych rola ochrony nabiera szczeg\u00f3lnego znaczenia ze wzgl\u0119du na liczb\u0119 uczestnik\u00f3w a tak\u017ce potencjalne zagro\u017cenia wynikaj\u0105ce z du\u017cych zgromadze\u0144. Organizacja bezpiecze\u0144stwa w takich miejscach wymaga opracowania szczeg\u00f3\u0142owych plan\u00f3w, kt\u00f3re uwzgl\u0119dniaj\u0105 zar\u00f3wno kontrol\u0119 wej\u015b\u0107 i wyj\u015b\u0107, jak r\u00f3wnie\u017c monitorowanie zachowa\u0144 uczestnik\u00f3w. Prawid\u0142owe przygotowanie i realizacja dzia\u0142a\u0144 ochronnych ma na celu ograniczenie ryzyka powstania niepo\u017c\u0105danych zdarze\u0144, takich jak b\u00f3jki, kradzie\u017ce czy panika. Zabezpieczenie imprez masowych to r\u00f3wnie\u017c wsp\u00f3\u0142praca z innymi s\u0142u\u017cbami, kt\u00f3re mog\u0105 wspomaga\u0107 dzia\u0142ania ochronne i reagowa\u0107 na pojawiaj\u0105ce si\u0119 zagro\u017cenia.<\/p>\n<p>Podczas realizacji us\u0142ug ochrony os\u00f3b i mienia wa\u017cne jest uwzgl\u0119dnienie r\u00f3\u017cnorodnych aspekt\u00f3w prawnych oraz technicznych, kt\u00f3re wp\u0142ywaj\u0105 na zakres i spos\u00f3b wykonywania zada\u0144. Przepisy reguluj\u0105ce dzia\u0142alno\u015b\u0107 ochroniarsk\u0105 okre\u015blaj\u0105 ramy dzia\u0142ania oraz standardy bezpiecze\u0144stwa, kt\u00f3re musz\u0105 by\u0107 respektowane przez podmioty \u015bwiadcz\u0105ce takie us\u0142ugi. A przy tym coraz wi\u0119ksz\u0105 rol\u0119 odgrywaj\u0105 innowacyjne technologie wykorzystywane w systemach zabezpiecze\u0144, takie jak monitoring, systemy alarmowe czy urz\u0105dzenia do kontroli dost\u0119pu. Po\u0142\u0105czenie tych element\u00f3w tworzy z\u0142o\u017cony system, kt\u00f3ry mo\u017ce by\u0107 dostosowany do specyfiki chronionego obiektu albo osoby, maj\u0105c na celu powi\u0119kszenie poziomu bezpiecze\u0144stwa.<br \/>\n<br \/>\u0179r\u00f3d\u0142o informacji: <a href=\"https:\/\/boasecurity.pl\">ochrona os\u00f3b i mienia<\/a>.<\/p>\n","protected":false},"excerpt":{"rendered":"<p>Dzia\u0142alno\u015b\u0107 zwi\u0105zana z ochron\u0105 os\u00f3b i mienia obejmuje szeroki zakres us\u0142ug maj\u0105cych na celu zapewnienie bezpiecze\u0144stwa w r\u00f3\u017cnorakich sytuacjach. W ramach tych dzia\u0142a\u0144 mo\u017cna wyr\u00f3\u017cni\u0107 zar\u00f3wno zabezpieczanie mienia prywatnego i firmowego, jak te\u017c ochron\u0119 os\u00f3b, kt\u00f3re mog\u0105 by\u0107 nara\u017cone na r\u00f3\u017cnorakie zagro\u017cenia w \u017cyciu zwyk\u0142ym albo zawodowym. Procesy te wymagaj\u0105 u\u017cycia odpowiednich procedur oraz sprz\u0119tu, [&hellip;]<\/p>\n","protected":false},"author":1,"featured_media":0,"comment_status":"closed","ping_status":"open","sticky":false,"template":"","format":"standard","meta":[],"categories":[1],"tags":[],"_links":{"self":[{"href":"http:\/\/miniblog.pagekreacje.pl\/index.php?rest_route=\/wp\/v2\/posts\/12334"}],"collection":[{"href":"http:\/\/miniblog.pagekreacje.pl\/index.php?rest_route=\/wp\/v2\/posts"}],"about":[{"href":"http:\/\/miniblog.pagekreacje.pl\/index.php?rest_route=\/wp\/v2\/types\/post"}],"author":[{"embeddable":true,"href":"http:\/\/miniblog.pagekreacje.pl\/index.php?rest_route=\/wp\/v2\/users\/1"}],"replies":[{"embeddable":true,"href":"http:\/\/miniblog.pagekreacje.pl\/index.php?rest_route=%2Fwp%2Fv2%2Fcomments&post=12334"}],"version-history":[{"count":1,"href":"http:\/\/miniblog.pagekreacje.pl\/index.php?rest_route=\/wp\/v2\/posts\/12334\/revisions"}],"predecessor-version":[{"id":12335,"href":"http:\/\/miniblog.pagekreacje.pl\/index.php?rest_route=\/wp\/v2\/posts\/12334\/revisions\/12335"}],"wp:attachment":[{"href":"http:\/\/miniblog.pagekreacje.pl\/index.php?rest_route=%2Fwp%2Fv2%2Fmedia&parent=12334"}],"wp:term":[{"taxonomy":"category","embeddable":true,"href":"http:\/\/miniblog.pagekreacje.pl\/index.php?rest_route=%2Fwp%2Fv2%2Fcategories&post=12334"},{"taxonomy":"post_tag","embeddable":true,"href":"http:\/\/miniblog.pagekreacje.pl\/index.php?rest_route=%2Fwp%2Fv2%2Ftags&post=12334"}],"curies":[{"name":"wp","href":"https:\/\/api.w.org\/{rel}","templated":true}]}}