{"id":11400,"date":"2025-04-12T02:55:07","date_gmt":"2025-04-12T02:55:07","guid":{"rendered":"http:\/\/miniblog.pagekreacje.pl\/?p=11400"},"modified":"2025-04-12T02:55:07","modified_gmt":"2025-04-12T02:55:07","slug":"jak-zaplanowac-konferencje-z-noclegiem","status":"publish","type":"post","link":"http:\/\/miniblog.pagekreacje.pl\/?p=11400","title":{"rendered":"Jak zaplanowa\u0107 konferencj\u0119 z noclegiem?"},"content":{"rendered":"<p>Organizacja konferencji to zadanie wymagaj\u0105ce precyzyjnego planowania i koordynacji wielu element\u00f3w. Od pocz\u0105tku do ko\u0144ca nale\u017cy zadba\u0107 o w\u0142a\u015bciwie ka\u017cdy detal, pocz\u0105wszy od wyboru odpowiedniego miejsca, przez przygotowanie agendy, a\u017c po zapewnienie odpowiednich warunk\u00f3w technicznych i logistycznych. Wyb\u00f3r zlokalizowania jest zasadniczy, poniewa\u017c powinien uwzgl\u0119dnia\u0107 zar\u00f3wno wygod\u0119 uczestnik\u00f3w, jak i przyst\u0119pno\u015b\u0107 odpowiednich sal konferencyjnych.<!--more--><\/p>\n<p>  Istotne jest, aby miejsce spotkania sprzyja\u0142o nie tylko pracy, ale tak\u017ce networkingowi i integracji uczestnik\u00f3w. Na tym etapie warto prze\u015bledzi\u0107, czy konferencja odbywa\u0107 si\u0119 b\u0119dzie w jednym dniu, czy tak\u017ce organizacja konferencji obejmie kilka dni. W tym drugim przypadku niezb\u0119dne b\u0119dzie zapewnienie nocleg\u00f3w, kt\u00f3re stan\u0105 si\u0119 niezb\u0119dnym elementem organizacji.<\/p>\n<p>Konferencje z noclegiem wymagaj\u0105 dodatkowego zaplanowania, poniewa\u017c uczestnicy musz\u0105 mie\u0107 zapewnione odpowiednie warunki do odpoczynku. Istotne jest, by nocleg by\u0142 dostosowany do ich potrzeb, a obiekt oferowa\u0142 komfort, bezpiecze\u0144stwo i dogodny dost\u0119p do sal konferencyjnych. Wyb\u00f3r dobrego hotelu albo o\u015brodka wypoczynkowego, kt\u00f3ry b\u0119dzie w stanie pomie\u015bci\u0107 wszystkich uczestnik\u00f3w, a r\u00f3wnocze\u015bnie zapewni odpowiedni\u0105 jako\u015b\u0107 obs\u0142ugi, jest kluczowy dla sukcesu wydarzenia. Zajmowanie si\u0119 kwesti\u0105 nocleg\u00f3w wi\u0105\u017ce si\u0119 r\u00f3wnie\u017c z organizacj\u0105 transportu, zw\u0142aszcza je\u017celi ju\u017c miejsce konferencji znajduje si\u0119 w wi\u0119kszej odleg\u0142o\u015bci od miejsca zamieszkania uczestnik\u00f3w.<\/p>\n<p>Przy organizacji konferencji z noclegiem nale\u017cy tak\u017ce pomy\u015ble\u0107 o dodatkowych atrakcjach lub przerwach integracyjnych, kt\u00f3re mog\u0105 urozmaici\u0107 czas uczestnik\u00f3w poza formalnymi sesjami. Na prawd\u0119 bardzo cz\u0119sto takie wydarzenia to te\u017c okazja do zamiany do\u015bwiadcze\u0144 i nawi\u0105zywania kontakt\u00f3w zawodowych, a wygodne warunki pobytu sprzyjaj\u0105 temu procesowi. Trzeba jednak pami\u0119ta\u0107, \u017ce organizacja konferencji z noclegiem wi\u0105\u017ce si\u0119 z dodatkowymi kosztami, kt\u00f3re powinny zosta\u0107 uwzgl\u0119dnione w bud\u017cecie. Koszty noclegu, wy\u017cywienia, transportu a tak\u017ce dodatkowych atrakcji mog\u0105 w du\u017cym stopniu wp\u0142yn\u0105\u0107 na ca\u0142kowit\u0105 cen\u0119 uczestnictwa, dlatego przed podj\u0119ciem wybor\u00f3w o tego rodzaju wydarzeniu warto szczeg\u00f3\u0142owo rozwa\u017cy\u0107 wszelkie aspekty finansowe.<\/p>\n<p>Opr\u00f3cz kwestii praktycznych, organizacja konferencji z noclegiem wymagoraz zadbania o odpowiedni\u0105 upowszechnienie wydarzenia, aby przyci\u0105gn\u0105\u0107 odpowiedni\u0105 liczb\u0119 uczestnik\u00f3w. Komunikacja z potencjalnymi uczestnikami powinna obejmowa\u0107 informacje o tematyce konferencji, jej programie oraz oferowanych udogodnieniach, w tym w\u0142a\u015bnie mo\u017cliwo\u015bciach noclegowych. Te\u017c sama organizacja rejestracji uczestnik\u00f3w powinna uwzgl\u0119dnia\u0107 opcj\u0119 rezerwacji nocleg\u00f3w, a\u017ceby zminimalizowa\u0107 ryzyko pomini\u0119cia tego istotnego szczeg\u00f3\u0142u.<br \/>\n<br \/>Zobacz r\u00f3wnie\u017c: <a href=\"https:\/\/www.cinemahotel.pl\/szkolenia-firmowe-lodz-centrum\">szkolenia firmowe \u0142\u00f3d\u017a<\/a>.<\/p>\n","protected":false},"excerpt":{"rendered":"<p>Organizacja konferencji to zadanie wymagaj\u0105ce precyzyjnego planowania i koordynacji wielu element\u00f3w. Od pocz\u0105tku do ko\u0144ca nale\u017cy zadba\u0107 o w\u0142a\u015bciwie ka\u017cdy detal, pocz\u0105wszy od wyboru odpowiedniego miejsca, przez przygotowanie agendy, a\u017c po zapewnienie odpowiednich warunk\u00f3w technicznych i logistycznych. Wyb\u00f3r zlokalizowania jest zasadniczy, poniewa\u017c powinien uwzgl\u0119dnia\u0107 zar\u00f3wno wygod\u0119 uczestnik\u00f3w, jak i przyst\u0119pno\u015b\u0107 odpowiednich sal konferencyjnych.<\/p>\n","protected":false},"author":1,"featured_media":0,"comment_status":"closed","ping_status":"open","sticky":false,"template":"","format":"standard","meta":[],"categories":[1],"tags":[],"_links":{"self":[{"href":"http:\/\/miniblog.pagekreacje.pl\/index.php?rest_route=\/wp\/v2\/posts\/11400"}],"collection":[{"href":"http:\/\/miniblog.pagekreacje.pl\/index.php?rest_route=\/wp\/v2\/posts"}],"about":[{"href":"http:\/\/miniblog.pagekreacje.pl\/index.php?rest_route=\/wp\/v2\/types\/post"}],"author":[{"embeddable":true,"href":"http:\/\/miniblog.pagekreacje.pl\/index.php?rest_route=\/wp\/v2\/users\/1"}],"replies":[{"embeddable":true,"href":"http:\/\/miniblog.pagekreacje.pl\/index.php?rest_route=%2Fwp%2Fv2%2Fcomments&post=11400"}],"version-history":[{"count":1,"href":"http:\/\/miniblog.pagekreacje.pl\/index.php?rest_route=\/wp\/v2\/posts\/11400\/revisions"}],"predecessor-version":[{"id":11401,"href":"http:\/\/miniblog.pagekreacje.pl\/index.php?rest_route=\/wp\/v2\/posts\/11400\/revisions\/11401"}],"wp:attachment":[{"href":"http:\/\/miniblog.pagekreacje.pl\/index.php?rest_route=%2Fwp%2Fv2%2Fmedia&parent=11400"}],"wp:term":[{"taxonomy":"category","embeddable":true,"href":"http:\/\/miniblog.pagekreacje.pl\/index.php?rest_route=%2Fwp%2Fv2%2Fcategories&post=11400"},{"taxonomy":"post_tag","embeddable":true,"href":"http:\/\/miniblog.pagekreacje.pl\/index.php?rest_route=%2Fwp%2Fv2%2Ftags&post=11400"}],"curies":[{"name":"wp","href":"https:\/\/api.w.org\/{rel}","templated":true}]}}