{"id":11334,"date":"2025-03-27T15:47:18","date_gmt":"2025-03-27T15:47:18","guid":{"rendered":"http:\/\/miniblog.pagekreacje.pl\/?p=11334"},"modified":"2025-03-27T15:47:18","modified_gmt":"2025-03-27T15:47:18","slug":"rodzaje-zaslon-i-firan-co-warto-wiedziec","status":"publish","type":"post","link":"http:\/\/miniblog.pagekreacje.pl\/?p=11334","title":{"rendered":"Rodzaje zas\u0142on i firan \u2013 co warto wiedzie\u0107?"},"content":{"rendered":"<p>Wyb\u00f3r odpowiednich zas\u0142on i firan do wn\u0119trz mo\u017ce znacz\u0105co wp\u0142yn\u0105\u0107 na estetyk\u0119 pomieszczenia. Szycie tych element\u00f3w wymaga nie tylko i wy\u0142\u0105cznie precyzji, ale te\u017c dobrego podej\u015bcia do materia\u0142\u00f3w oraz potrzeb u\u017cytkownik\u00f3w. Zas\u0142ony i firany pe\u0142ni\u0105 r\u00f3\u017cnorodne funkcje, od dekoracyjnych po praktyczne, tj. ochrona przed s\u0142o\u0144cem czy zapewnienie prywatno\u015bci.<!--more--><\/p>\n<p>  W zale\u017cno\u015bci od stylu wn\u0119trza oraz preferencji, r\u00f3\u017cnorakie materia\u0142y mog\u0105 okaza\u0107 si\u0119 bardziej odpowiednie. Szycie zas\u0142on i firan mo\u017ce by\u0107 wykonywane z r\u00f3\u017cnych tkanin, takich jak welur, len, bawe\u0142na czy poliester. Wyb\u00f3r materia\u0142u uzale\u017cniony jest od efektu, kt\u00f3ry chcemy uzyska\u0107 oraz od funkcji, jak\u0105 maj\u0105 pe\u0142ni\u0107.<\/p>\n<p>Zas\u0142ony i firany s\u0105 dost\u0119pne w r\u00f3\u017cnorakich barwach, wzorach oraz fakturach, co pozwala na dopasowanie ich do w zasadzie ka\u017cdego stylu wn\u0119trza. Wn\u0119trza nowoczesne mog\u0105 by\u0107 ozdobione firanami w stonowanych odcieniach bieli lub szaro\u015bci, w trakcie gdy w pomieszczeniach bardziej klasycznych sprawdz\u0105 si\u0119 tkaniny o g\u0142\u0119bszych kolorach albo z wyrazistymi wzorami (wi\u0119cej: <a href=\"https:\/\/speedway-world.pl\/forum\/member.php?action=profile&amp;uid=388950\">firany na wymiar<\/a>). Istotnym aspektem przy szyciu tych element\u00f3w jest dopasowana d\u0142ugo\u015b\u0107 oraz szeroko\u015b\u0107 materia\u0142u, kt\u00f3re maj\u0105 zagwarantowa\u0107 mi\u0142y dla oka efekt oraz u\u017cyteczno\u015b\u0107. Zas\u0142ony powinny by\u0107 wystarczaj\u0105co d\u0142ugie, a\u017ceby zapewnia\u0142y odpowiedni\u0105 ochron\u0119 przed \u015bwiat\u0142em, a firany mog\u0105 by\u0107 nieco l\u017cejsze i przejrzyste, w wsp\u00f3\u0142zale\u017cno\u015bci od potrzeb.<\/p>\n<p>Szycie zas\u0142on i firan to proces, kt\u00f3ry umo\u017cliwia na pe\u0142n\u0105 personalizacj\u0119, zar\u00f3wno pod k\u0105tem rozmiaru, jak i detali wyko\u0144czenia. Wiele ludzi decyduje si\u0119 na szycie na miar\u0119, aby doskonale zaimplementowa\u0107 tkaniny do wymiar\u00f3w okien, co umo\u017cliwia uzyskanie efektu, kt\u00f3ry najlepiej pasuje do przestrzeni. Istnieje tak\u017ce sposobno\u015b\u0107 dobrania odpowiednich akcesori\u00f3w, takich jak ta\u015bmy, przelotki, \u017cabki czy karnisze, kt\u00f3re nie tylko i wy\u0142\u0105cznie u\u0142atwiaj\u0105 monta\u017c, ale tak\u017ce wzbogacaj\u0105 wygl\u0105d zas\u0142on i firan (zobacz tak\u017ce: <a href=\"https:\/\/speedway-world.pl\/forum\/member.php?action=profile&amp;uid=388953\">szycie zas\u0142on<\/a>). Proces ten pozwala na zbudowanie niesamowitego szczeg\u00f3\u0142u dekoracyjnego, kt\u00f3ry nie tylko b\u0119dzie mi\u0142y dla oka, ale tak\u017ce funkcjonalny, pe\u0142ni\u0105c rol\u0119 ochrony przed s\u0142o\u0144cem czy zapewniaj\u0105c intymno\u015b\u0107 w pomieszczeniach.<\/p>\n<p>Dzi\u0119ki szerokiemu wyborowi tkanin, kolor\u00f3w i wzor\u00f3w, szycie zas\u0142on i firan staje si\u0119 ciekaw\u0105 opcj\u0105 dla ludzi, kt\u00f3rzy pragn\u0105 nada\u0107 swoim wn\u0119trzom unikalny charakter. Nale\u017cycie wybrane akcesoria oraz precyzyjnie wykonane elementy mog\u0105 uczyni\u0107 przestrze\u0144 bardziej przytuln\u0105 i \u0142adn\u0105. Niezale\u017cnie od tego, czy chodzi o zas\u0142ony do salonu, firany do sypialni czy te\u017c elementy do kuchni, proces szycia daje ogromne mo\u017cliwo\u015bci personalizacji, kt\u00f3re pozwalaj\u0105 na zbudowanie przestrzeni odzwierciedlaj\u0105cej indywidualny gust i potrzeby u\u017cytkownik\u00f3w.<br \/>\n<br \/>Wi\u0119cej informacji: <a href=\"http:\/\/forum.geonames.org\/gforum\/user\/profile\/685703.page\">firany na miar\u0119<\/a>.<\/p>\n","protected":false},"excerpt":{"rendered":"<p>Wyb\u00f3r odpowiednich zas\u0142on i firan do wn\u0119trz mo\u017ce znacz\u0105co wp\u0142yn\u0105\u0107 na estetyk\u0119 pomieszczenia. Szycie tych element\u00f3w wymaga nie tylko i wy\u0142\u0105cznie precyzji, ale te\u017c dobrego podej\u015bcia do materia\u0142\u00f3w oraz potrzeb u\u017cytkownik\u00f3w. Zas\u0142ony i firany pe\u0142ni\u0105 r\u00f3\u017cnorodne funkcje, od dekoracyjnych po praktyczne, tj. ochrona przed s\u0142o\u0144cem czy zapewnienie prywatno\u015bci.<\/p>\n","protected":false},"author":1,"featured_media":0,"comment_status":"closed","ping_status":"open","sticky":false,"template":"","format":"standard","meta":[],"categories":[1],"tags":[],"_links":{"self":[{"href":"http:\/\/miniblog.pagekreacje.pl\/index.php?rest_route=\/wp\/v2\/posts\/11334"}],"collection":[{"href":"http:\/\/miniblog.pagekreacje.pl\/index.php?rest_route=\/wp\/v2\/posts"}],"about":[{"href":"http:\/\/miniblog.pagekreacje.pl\/index.php?rest_route=\/wp\/v2\/types\/post"}],"author":[{"embeddable":true,"href":"http:\/\/miniblog.pagekreacje.pl\/index.php?rest_route=\/wp\/v2\/users\/1"}],"replies":[{"embeddable":true,"href":"http:\/\/miniblog.pagekreacje.pl\/index.php?rest_route=%2Fwp%2Fv2%2Fcomments&post=11334"}],"version-history":[{"count":1,"href":"http:\/\/miniblog.pagekreacje.pl\/index.php?rest_route=\/wp\/v2\/posts\/11334\/revisions"}],"predecessor-version":[{"id":11335,"href":"http:\/\/miniblog.pagekreacje.pl\/index.php?rest_route=\/wp\/v2\/posts\/11334\/revisions\/11335"}],"wp:attachment":[{"href":"http:\/\/miniblog.pagekreacje.pl\/index.php?rest_route=%2Fwp%2Fv2%2Fmedia&parent=11334"}],"wp:term":[{"taxonomy":"category","embeddable":true,"href":"http:\/\/miniblog.pagekreacje.pl\/index.php?rest_route=%2Fwp%2Fv2%2Fcategories&post=11334"},{"taxonomy":"post_tag","embeddable":true,"href":"http:\/\/miniblog.pagekreacje.pl\/index.php?rest_route=%2Fwp%2Fv2%2Ftags&post=11334"}],"curies":[{"name":"wp","href":"https:\/\/api.w.org\/{rel}","templated":true}]}}