{"id":11296,"date":"2025-03-24T06:58:07","date_gmt":"2025-03-24T06:58:07","guid":{"rendered":"http:\/\/miniblog.pagekreacje.pl\/?p=11296"},"modified":"2025-03-24T06:58:07","modified_gmt":"2025-03-24T06:58:07","slug":"personalizowane-meble-co-warto-wiedziec","status":"publish","type":"post","link":"http:\/\/miniblog.pagekreacje.pl\/?p=11296","title":{"rendered":"Personalizowane meble \u2013 co warto wiedzie\u0107?"},"content":{"rendered":"<p>W obecnych czasach coraz wi\u0119cej os\u00f3b decyduje si\u0119 na indywidualne podej\u015bcie do aran\u017cacji wn\u0119trz, wybieraj\u0105c meble na wymiar, kt\u00f3re s\u0105 w pe\u0142ni dopasowane do specyfiki pomieszcze\u0144 i ich funkcji. Dzi\u0119ki takim rozwi\u0105zaniom mo\u017cna maksymalnie wykorzysta\u0107 dost\u0119pn\u0105 przestrze\u0144, niezale\u017cnie od tego, czy chodzi o niewielk\u0105 kawalerk\u0119, czy przestronny dom. Poprawnie zaprojektowane meble kuchenne, \u0142azienkowe czy do salonu mog\u0105 nie tylko i wy\u0142\u0105cznie poprawi\u0107 estetyk\u0119 wn\u0119trz, niemniej jednak te\u017c zapewni\u0107 komfort u\u017cytkowania, spe\u0142niaj\u0105c konkretne potrzeby domownik\u00f3w.<!--more--><\/p>\n<p>  Zw\u0142aszcza kuchnia, b\u0119d\u0105ca sercem domu, wymaga przemy\u015blanego podej\u015bcia do organizacji przestrzeni, aby u\u0142atwi\u0107 codzienne gotowanie i przechowywanie towar\u00f3w. Meble kuchenne na wymiar pozwalaj\u0105 na precyzyjne dostosowanie wszystkich element\u00f3w, takich jak szafki, blaty czy p\u00f3\u0142ki, do dost\u0119pnej powierzchni, co wp\u0142ywa na u\u017cyteczno\u015b\u0107 tego pomieszczenia.<\/p>\n<p>Z kolei w \u0142azience, gdzie przestrze\u0144 na prawd\u0119 cz\u0119sto jest ograniczona, meble na wymiar stanowi\u0105 doskona\u0142e rozwi\u0105zanie. Dzi\u0119ki nim mo\u017cna wykorzysta\u0107 ka\u017cdy centymetr, kreuj\u0105c funkcjonaln\u0105 stref\u0119 przechowywania kosmetyk\u00f3w, r\u0119cznik\u00f3w czy innych akcesori\u00f3w. Meble \u0142azienkowe na wymiar pozwalaj\u0105 na dopasowanie zar\u00f3wno do wielko\u015bci pomieszczenia, jak i indywidualnych potrzeb u\u017cytkownik\u00f3w. Niezale\u017cnie od tego, czy jest to ma\u0142a \u0142azienka, czy przestronniejsza, odpowiednio zaprojektowane meble sprawi\u0105, \u017ce stanie si\u0119 ona bardziej funkcjonalna i estetyczna. Oa dodatkowo, dob\u00f3r materia\u0142\u00f3w odpornych na wilgo\u0107 i prostych w utrzymaniu czysto\u015bci ma kluczowe znaczenie w przypadku mebli \u0142azienkowych, zapewniaj\u0105c ich trwa\u0142o\u015b\u0107 na lata.<\/p>\n<p>Meble do salonu pe\u0142ni\u0105 z kolei funkcj\u0119 reprezentacyjn\u0105, dlatego warto zadba\u0107 o to, by by\u0142y one zar\u00f3wno estetyczne, jak i wygodne. Salon to przestrze\u0144, w kt\u00f3rej sp\u0119dzamy czas z rodzin\u0105 i dobrymi przyjaci\u00f3\u0142mi, dlatego meble w tym pomieszczeniu musz\u0105 spe\u0142nia\u0107 okre\u015blone kryteria. Meble na wymiar do salonu pozwalaj\u0105 na zbudowanie sp\u00f3jnej aran\u017cacji, kt\u00f3ra b\u0119dzie odpowiada\u0142a indywidualnym potrzebom mieszka\u0144c\u00f3w. Dzi\u0119ki takiemu podej\u015bciu mo\u017cna uzyska\u0107 elegancki i funkcjonalny wygl\u0105d, kt\u00f3ry idealnie komponuje si\u0119 z pozosta\u0142\u0105 reszt\u0105 wn\u0119trza. Cz\u0119sto w salonie znajduj\u0105 si\u0119 takie elementy jak rega\u0142y, komody, stoliki czy szafki RTV, kt\u00f3re musz\u0105 by\u0107 nie tylko praktyczne, niemniej jednak tak\u017ce odpowiednio dopasowane do wielko\u015bci pomieszczenia.<\/p>\n<p>Wyb\u00f3r mebli na wymiar to rozwi\u0105zanie, kt\u00f3re daje szerokie sposobno\u015bci aran\u017cacyjne i funkcjonalne, a r\u00f3wnocze\u015bnie daje mo\u017cliwo\u015b\u0107 na unikni\u0119cie kompromis\u00f3w w kwestii jako\u015bci czy wygl\u0105du. Z tego powodu zdecydowanie coraz wi\u0119cej os\u00f3b decyduje si\u0119 na takie rozwi\u0105zanie w r\u00f3\u017cnorakich pomieszczeniach swojego domu. Takie podej\u015bcie do wyposa\u017cenia pomieszcze\u0144 nie tylko zwi\u0119ksza komfort u\u017cytkowania, niemniej jednak r\u00f3wnie\u017c wp\u0142ywa na estetyk\u0119 ca\u0142ego domu, kreuj\u0105c harmonijn\u0105 przestrze\u0144, kt\u00f3ra odpowiada wszystkim potrzebom domownik\u00f3w.<br \/>\n<br \/>Wi\u0119cej: <a href=\"https:\/\/bossemeble.pl\">meble kuchenne na wymiar<\/a>.<\/p>\n","protected":false},"excerpt":{"rendered":"<p>W obecnych czasach coraz wi\u0119cej os\u00f3b decyduje si\u0119 na indywidualne podej\u015bcie do aran\u017cacji wn\u0119trz, wybieraj\u0105c meble na wymiar, kt\u00f3re s\u0105 w pe\u0142ni dopasowane do specyfiki pomieszcze\u0144 i ich funkcji. Dzi\u0119ki takim rozwi\u0105zaniom mo\u017cna maksymalnie wykorzysta\u0107 dost\u0119pn\u0105 przestrze\u0144, niezale\u017cnie od tego, czy chodzi o niewielk\u0105 kawalerk\u0119, czy przestronny dom. Poprawnie zaprojektowane meble kuchenne, \u0142azienkowe czy do [&hellip;]<\/p>\n","protected":false},"author":1,"featured_media":0,"comment_status":"closed","ping_status":"open","sticky":false,"template":"","format":"standard","meta":[],"categories":[1],"tags":[],"_links":{"self":[{"href":"http:\/\/miniblog.pagekreacje.pl\/index.php?rest_route=\/wp\/v2\/posts\/11296"}],"collection":[{"href":"http:\/\/miniblog.pagekreacje.pl\/index.php?rest_route=\/wp\/v2\/posts"}],"about":[{"href":"http:\/\/miniblog.pagekreacje.pl\/index.php?rest_route=\/wp\/v2\/types\/post"}],"author":[{"embeddable":true,"href":"http:\/\/miniblog.pagekreacje.pl\/index.php?rest_route=\/wp\/v2\/users\/1"}],"replies":[{"embeddable":true,"href":"http:\/\/miniblog.pagekreacje.pl\/index.php?rest_route=%2Fwp%2Fv2%2Fcomments&post=11296"}],"version-history":[{"count":1,"href":"http:\/\/miniblog.pagekreacje.pl\/index.php?rest_route=\/wp\/v2\/posts\/11296\/revisions"}],"predecessor-version":[{"id":11297,"href":"http:\/\/miniblog.pagekreacje.pl\/index.php?rest_route=\/wp\/v2\/posts\/11296\/revisions\/11297"}],"wp:attachment":[{"href":"http:\/\/miniblog.pagekreacje.pl\/index.php?rest_route=%2Fwp%2Fv2%2Fmedia&parent=11296"}],"wp:term":[{"taxonomy":"category","embeddable":true,"href":"http:\/\/miniblog.pagekreacje.pl\/index.php?rest_route=%2Fwp%2Fv2%2Fcategories&post=11296"},{"taxonomy":"post_tag","embeddable":true,"href":"http:\/\/miniblog.pagekreacje.pl\/index.php?rest_route=%2Fwp%2Fv2%2Ftags&post=11296"}],"curies":[{"name":"wp","href":"https:\/\/api.w.org\/{rel}","templated":true}]}}