{"id":10342,"date":"2022-06-11T12:43:04","date_gmt":"2022-06-11T12:43:04","guid":{"rendered":"http:\/\/miniblog.pagekreacje.pl\/?p=10342"},"modified":"2022-06-11T12:43:04","modified_gmt":"2022-06-11T12:43:04","slug":"aranzacja-wnetrz","status":"publish","type":"post","link":"http:\/\/miniblog.pagekreacje.pl\/?p=10342","title":{"rendered":"Aran\u017cacja wn\u0119trz"},"content":{"rendered":"<p>Wszyscy idealnie dociera do nas, \u017ce wn\u0119trza powinny by\u0107 nie tylko i wy\u0142\u0105cznie elegancko urz\u0105dzone, aby tak\u017ce funkcjonalne, tak a\u017ceby ich u\u017cytkowanie by\u0142o proste a tak\u017ce wygodne. St\u0105d te\u017c du\u017cym zainteresowaniem cieszy si\u0119 studio projektowe, kt\u00f3re przygotowuje kompleksowe projekty architektoniczne pomieszcze\u0144 zar\u00f3wno dla klient\u00f3w indywidualnych, jak tak\u017ce dla firm zewn\u0119trznych.<br \/>\nWykonywanie projekt\u00f3w pomieszcze\u0144 &#8211; na co zwr\u00f3ci\u0107 uwag\u0119?<br \/>\nNa pocz\u0105tku nale\u017cy podkre\u015bli\u0107, \u017ce projektant wn\u0119trz Bielsko oferuje swoim klientom us\u0142ugi profesjonalne oraz kompleksowe w zakresie przygotowywania projekt\u00f3w pomieszczeniu r\u00f3\u017cnym przeznaczeniu, a wi\u0119c nie tylko i wy\u0142\u0105cznie budynk\u00f3w mieszkalnych, niemniej jednak tak\u017ce u\u017cytku publicznego czy r\u00f3wnie\u017c komercyjnych.<!--more--><\/p>\n<p>  Najistotniejsze w wsp\u00f3\u0142czesnym projektowaniu wn\u0119trz jest to, a\u017ceby po\u0142\u0105czy\u0107 aspekty wysokiej estetyki z funkcjonalno\u015bci\u0105, kt\u00f3ra przek\u0142ada si\u0119 na komfort u\u017cytkowania wn\u0119trza. Warto mie\u0107 na uwadze r\u00f3wnie\u017c o tym, \u017ce takie projekty maj\u0105 charakter funkcjonalny, a zatem obejmuj\u0105 nie tylko wizualizacje wykonywane na prawd\u0119 bardzo cz\u0119sto w programach 3D, ale tak\u017ce wykaz niezb\u0119dnych materia\u0142\u00f3w wyko\u0144czeniowych oraz propozycje r\u00f3\u017cnych rozwi\u0105za\u0144. Warto zdawa\u0107 sobie spraw\u0119 r\u00f3wnie\u017c o tym, \u017ce aran\u017cacja wn\u0119trz to dobranie odpowiednich mebli.  Na prawd\u0119 bardzo cz\u0119sto s\u0105 to meble tworzone na indywidualne zam\u00f3wienie klienta. Meble na wymiar to rewelacyjne rozwi\u0105zanie, kt\u00f3re umo\u017cliwia zaimplementowa\u0107 pomieszczenie do indywidualnych preferencji i potrzeb konkretnego klienta. O ile zatem chcemy, by wn\u0119trza w naszym mieszkaniu czy domu wyr\u00f3\u017cnia\u0142y si\u0119 funkcjonalno\u015bci\u0105 i wysok\u0105 estetyk\u0105 warto skorzysta\u0107 z us\u0142ug do\u015bwiadczonego architekta.<br \/>\n<br \/>Zobacz tak\u017ce: <a href=\"https:\/\/www.kumadesign.pl\">architekt wn\u0119trz Bielsko<\/a>.<\/p>\n","protected":false},"excerpt":{"rendered":"<p>Wszyscy idealnie dociera do nas, \u017ce wn\u0119trza powinny by\u0107 nie tylko i wy\u0142\u0105cznie elegancko urz\u0105dzone, aby tak\u017ce funkcjonalne, tak a\u017ceby ich u\u017cytkowanie by\u0142o proste a tak\u017ce wygodne. St\u0105d te\u017c du\u017cym zainteresowaniem cieszy si\u0119 studio projektowe, kt\u00f3re przygotowuje kompleksowe projekty architektoniczne pomieszcze\u0144 zar\u00f3wno dla klient\u00f3w indywidualnych, jak tak\u017ce dla firm zewn\u0119trznych. Wykonywanie projekt\u00f3w pomieszcze\u0144 &#8211; na [&hellip;]<\/p>\n","protected":false},"author":1,"featured_media":0,"comment_status":"closed","ping_status":"open","sticky":false,"template":"","format":"standard","meta":[],"categories":[1],"tags":[],"_links":{"self":[{"href":"http:\/\/miniblog.pagekreacje.pl\/index.php?rest_route=\/wp\/v2\/posts\/10342"}],"collection":[{"href":"http:\/\/miniblog.pagekreacje.pl\/index.php?rest_route=\/wp\/v2\/posts"}],"about":[{"href":"http:\/\/miniblog.pagekreacje.pl\/index.php?rest_route=\/wp\/v2\/types\/post"}],"author":[{"embeddable":true,"href":"http:\/\/miniblog.pagekreacje.pl\/index.php?rest_route=\/wp\/v2\/users\/1"}],"replies":[{"embeddable":true,"href":"http:\/\/miniblog.pagekreacje.pl\/index.php?rest_route=%2Fwp%2Fv2%2Fcomments&post=10342"}],"version-history":[{"count":1,"href":"http:\/\/miniblog.pagekreacje.pl\/index.php?rest_route=\/wp\/v2\/posts\/10342\/revisions"}],"predecessor-version":[{"id":10343,"href":"http:\/\/miniblog.pagekreacje.pl\/index.php?rest_route=\/wp\/v2\/posts\/10342\/revisions\/10343"}],"wp:attachment":[{"href":"http:\/\/miniblog.pagekreacje.pl\/index.php?rest_route=%2Fwp%2Fv2%2Fmedia&parent=10342"}],"wp:term":[{"taxonomy":"category","embeddable":true,"href":"http:\/\/miniblog.pagekreacje.pl\/index.php?rest_route=%2Fwp%2Fv2%2Fcategories&post=10342"},{"taxonomy":"post_tag","embeddable":true,"href":"http:\/\/miniblog.pagekreacje.pl\/index.php?rest_route=%2Fwp%2Fv2%2Ftags&post=10342"}],"curies":[{"name":"wp","href":"https:\/\/api.w.org\/{rel}","templated":true}]}}