{"id":10281,"date":"2022-06-02T21:11:04","date_gmt":"2022-06-02T21:11:04","guid":{"rendered":"http:\/\/miniblog.pagekreacje.pl\/?p=10281"},"modified":"2022-06-02T21:11:04","modified_gmt":"2022-06-02T21:11:04","slug":"nowoczesne-meble-na-wymiar","status":"publish","type":"post","link":"http:\/\/miniblog.pagekreacje.pl\/?p=10281","title":{"rendered":"Nowoczesne meble na wymiar"},"content":{"rendered":"<p>Je\u017celi szukamy praktycznych i funkcjonalnych rozwi\u0105za\u0144 do naszego mieszkania czy domu, to na 100 procent warto wybra\u0107 przysz\u0142o\u015bciowe kuchnie, kt\u00f3re charakteryzuj\u0105 si\u0119 zastosowaniem mebli na wymiar. Dzi\u0119ki temu ze stuprocentow\u0105 pewno\u015bci\u0105 uda nam si\u0119 stworzy\u0107 wyj\u0105tkowa przestrze\u0144, kt\u00f3re co wi\u0119cej b\u0119dzie dostosowana do naszych indywidualnych preferencji a tak\u017ce potrzeb zwi\u0105zanych z u\u017cytkowaniem tego pomieszczenia.<br \/>\nCo warto wiedzie\u0107 na temat przysz\u0142o\u015bciowych mebli kuchennych?<br \/>\nNa pocz\u0105tku powinno si\u0119 wyja\u015bni\u0107, \u017ce w\u015br\u00f3d klient\u00f3w coraz wi\u0119kszym zainteresowaniem ciesz\u0105 si\u0119 kuchnie na wymiar, kt\u00f3re s\u0105 bardzo praktyczne.<!--more--><\/p>\n<p>  Daj\u0105 nam sposobno\u015b\u0107 stworzenia przestrzeni, kt\u00f3ra b\u0119dzie podporz\u0105dkowana naszym rytua\u0142om, zwyczajom czy r\u00f3wnie\u017c przyzwyczajeniom zwi\u0105zanym z u\u017cytkowaniem tego pomieszczenia (wi\u0119cej: <a href=\"http:\/\/iszafynawymiar.pl\/portfolio\/szafy-indeco-katowice\/\">indeco katowice<\/a>). Warto by\u0107 \u015bwiadomym o tym, \u017ce firmy zajmuj\u0105ce si\u0119 projektowaniem, wykonywaniem oraz monta\u017cem mebli kuchennych na wymiar oferuj\u0105 rozwi\u0105zania wysokiej jako\u015bci, a zatem zastosowaniem materia\u0142\u00f3w dobrej klasy, przyk\u0142adowo takich jak p\u0142yty lakierowane, laminowane czy tak\u017ce popularne p\u0142yty MDF (zobacz r\u00f3wnie\u017c: <a href=\"http:\/\/iszafynawymiar.pl\/indeco-sosnowiec\/\">szafy na wymiar indeco<\/a>). Przy tym, kuchnie na wymiar to tak\u017ce sposobno\u015b\u0107 zabudowy urz\u0105dze\u0144 wykorzystywanych w kuchni, np takich jak lod\u00f3wka, piekarnik, czy te\u017c zmywarka oraz pralka. Nie powinno wi\u0119c by\u0107 zaskoczeniem, \u017ce jest to us\u0142uga coraz popularniejsza, poniewa\u017c umo\u017cliwia zaaran\u017cowa\u0107 przestrze\u0144 kuchenn\u0105 w wybrany przez klienta spos\u00f3b, tak a\u017ceby sprosta\u0107 wr\u0119cz najbardziej wymagaj\u0105cym oczekiwaniom dotycz\u0105cym u\u017cyteczno\u015bci, ale r\u00f3wnie\u017c stylistyki tego pomieszczenia, w kt\u00f3rym sp\u0119dzamy tak du\u017co czasu ka\u017cdego dnia.<br \/>\n<br \/>Polecam: <a href=\"http:\/\/iszafynawymiar.pl\/portfolio\/nowoczesne-kuchnie-na-wymiar-sosnowiec\">nowoczesne kuchnie na wymiar<\/a>.<\/p>\n","protected":false},"excerpt":{"rendered":"<p>Je\u017celi szukamy praktycznych i funkcjonalnych rozwi\u0105za\u0144 do naszego mieszkania czy domu, to na 100 procent warto wybra\u0107 przysz\u0142o\u015bciowe kuchnie, kt\u00f3re charakteryzuj\u0105 si\u0119 zastosowaniem mebli na wymiar. Dzi\u0119ki temu ze stuprocentow\u0105 pewno\u015bci\u0105 uda nam si\u0119 stworzy\u0107 wyj\u0105tkowa przestrze\u0144, kt\u00f3re co wi\u0119cej b\u0119dzie dostosowana do naszych indywidualnych preferencji a tak\u017ce potrzeb zwi\u0105zanych z u\u017cytkowaniem tego pomieszczenia. Co [&hellip;]<\/p>\n","protected":false},"author":1,"featured_media":0,"comment_status":"closed","ping_status":"open","sticky":false,"template":"","format":"standard","meta":[],"categories":[1],"tags":[],"_links":{"self":[{"href":"http:\/\/miniblog.pagekreacje.pl\/index.php?rest_route=\/wp\/v2\/posts\/10281"}],"collection":[{"href":"http:\/\/miniblog.pagekreacje.pl\/index.php?rest_route=\/wp\/v2\/posts"}],"about":[{"href":"http:\/\/miniblog.pagekreacje.pl\/index.php?rest_route=\/wp\/v2\/types\/post"}],"author":[{"embeddable":true,"href":"http:\/\/miniblog.pagekreacje.pl\/index.php?rest_route=\/wp\/v2\/users\/1"}],"replies":[{"embeddable":true,"href":"http:\/\/miniblog.pagekreacje.pl\/index.php?rest_route=%2Fwp%2Fv2%2Fcomments&post=10281"}],"version-history":[{"count":1,"href":"http:\/\/miniblog.pagekreacje.pl\/index.php?rest_route=\/wp\/v2\/posts\/10281\/revisions"}],"predecessor-version":[{"id":10282,"href":"http:\/\/miniblog.pagekreacje.pl\/index.php?rest_route=\/wp\/v2\/posts\/10281\/revisions\/10282"}],"wp:attachment":[{"href":"http:\/\/miniblog.pagekreacje.pl\/index.php?rest_route=%2Fwp%2Fv2%2Fmedia&parent=10281"}],"wp:term":[{"taxonomy":"category","embeddable":true,"href":"http:\/\/miniblog.pagekreacje.pl\/index.php?rest_route=%2Fwp%2Fv2%2Fcategories&post=10281"},{"taxonomy":"post_tag","embeddable":true,"href":"http:\/\/miniblog.pagekreacje.pl\/index.php?rest_route=%2Fwp%2Fv2%2Ftags&post=10281"}],"curies":[{"name":"wp","href":"https:\/\/api.w.org\/{rel}","templated":true}]}}