{"id":10088,"date":"2022-04-26T06:24:05","date_gmt":"2022-04-26T06:24:05","guid":{"rendered":"http:\/\/miniblog.pagekreacje.pl\/?p=10088"},"modified":"2022-04-26T06:24:05","modified_gmt":"2022-04-26T06:24:05","slug":"prowadzenie-mediow-spolecznosciowych-uslugi","status":"publish","type":"post","link":"http:\/\/miniblog.pagekreacje.pl\/?p=10088","title":{"rendered":"Prowadzenie medi\u00f3w spo\u0142eczno\u015bciowych \u2013 us\u0142ugi"},"content":{"rendered":"<p>Media spo\u0142eczno\u015bciowe zyskuj\u0105 coraz wi\u0119ksze znaczenie w prowadzeniu biznesu, jak r\u00f3wnie\u017c budowaniu marki osobistej. Nie powinno wi\u0119c by\u0107 zaskoczeniem, \u017ce coraz popularniejsze s\u0105 us\u0142ugi tj. prowadzenie fanpage. Pami\u0119tajmy jednak\u017ce o tym, \u017ce prowadzenie profili firmowych czy r\u00f3wnie\u017c os\u00f3b prywatnych wymaga wiedzy i do\u015bwiadczenia, jak r\u00f3wnie\u017c korzystania z innowacyjnych rozwi\u0105za\u0144, dlatego warto to zadanie oddawa\u0107 w r\u0119ce specjalist\u00f3w z wieloletnim do\u015bwiadczeniem.<!--more--><\/p>\n<p> Prowadzenie profili w mediach spo\u0142eczno\u015bciowych &#8211; na co zwr\u00f3ci\u0107 uwag\u0119?<br \/>\nSocial media z powodzeniem wykorzystywane s\u0105 nie tylko i wy\u0142\u0105cznie przez osoby, kt\u00f3re pragn\u0105 zrobi\u0107 karier\u0119 w sieci, kreuj\u0105c konsekwentnie swoj\u0105 mark\u0119 osobist\u0105, niemniej jednak coraz cz\u0119\u015bciej z tego kana\u0142u promocyjnego a tak\u017ce sprzeda\u017cowego korzystaj\u0105 r\u00f3wnie\u017c firmy. St\u0105d te\u017c na rynku dzia\u0142aj\u0105 firmy oraz osoby, kt\u00f3re specjalizuj\u0105 si\u0119 w us\u0142ugach takich jak prowadzenie social media. Warto by\u0107 \u015bwiadomym jednak o tym, \u017ce nie jest to zadanie tak proste, jakby si\u0119 mog\u0142o nam na pocz\u0105tku wydawa\u0107, poniewa\u017c wymaga wiedzy, niemniej jednak r\u00f3wnie\u017c konkretnych kwalifikacji zwi\u0105zanych przyk\u0142adowo z przygotowywaniem indywidualnych projekt\u00f3w graficznych zastosowanych na przyk\u0142ad dla towar\u00f3w cyfrowych czy tak\u017ce us\u0142ug oferowanych przez dan\u0105 firm\u0119. St\u0105d te\u017c warto zadania tj. prowadzenie instagrama odda\u0107 w r\u0119ce fachowc\u00f3w, kt\u00f3rzy specjalizuj\u0105 si\u0119 w dzia\u0142aniach marketingowych, niemniej jednak w ramach us\u0142ug wykonuj\u0105 r\u00f3wnie\u017c witryny internetowe, jak tak\u017ce dbaj\u0105 o profile oraz kana\u0142y w mediach spo\u0142eczno\u015bciowych zar\u00f3wno os\u00f3b prywatnych, jak r\u00f3wnie\u017c firm.<br \/>\n<br \/>Zobacz r\u00f3wnie\u017c: <a href=\"https:\/\/prostypr.pl\">wirtualna asystentka<\/a>.<\/p>\n","protected":false},"excerpt":{"rendered":"<p>Media spo\u0142eczno\u015bciowe zyskuj\u0105 coraz wi\u0119ksze znaczenie w prowadzeniu biznesu, jak r\u00f3wnie\u017c budowaniu marki osobistej. Nie powinno wi\u0119c by\u0107 zaskoczeniem, \u017ce coraz popularniejsze s\u0105 us\u0142ugi tj. prowadzenie fanpage. Pami\u0119tajmy jednak\u017ce o tym, \u017ce prowadzenie profili firmowych czy r\u00f3wnie\u017c os\u00f3b prywatnych wymaga wiedzy i do\u015bwiadczenia, jak r\u00f3wnie\u017c korzystania z innowacyjnych rozwi\u0105za\u0144, dlatego warto to zadanie oddawa\u0107 w [&hellip;]<\/p>\n","protected":false},"author":1,"featured_media":0,"comment_status":"closed","ping_status":"open","sticky":false,"template":"","format":"standard","meta":[],"categories":[1],"tags":[],"_links":{"self":[{"href":"http:\/\/miniblog.pagekreacje.pl\/index.php?rest_route=\/wp\/v2\/posts\/10088"}],"collection":[{"href":"http:\/\/miniblog.pagekreacje.pl\/index.php?rest_route=\/wp\/v2\/posts"}],"about":[{"href":"http:\/\/miniblog.pagekreacje.pl\/index.php?rest_route=\/wp\/v2\/types\/post"}],"author":[{"embeddable":true,"href":"http:\/\/miniblog.pagekreacje.pl\/index.php?rest_route=\/wp\/v2\/users\/1"}],"replies":[{"embeddable":true,"href":"http:\/\/miniblog.pagekreacje.pl\/index.php?rest_route=%2Fwp%2Fv2%2Fcomments&post=10088"}],"version-history":[{"count":1,"href":"http:\/\/miniblog.pagekreacje.pl\/index.php?rest_route=\/wp\/v2\/posts\/10088\/revisions"}],"predecessor-version":[{"id":10089,"href":"http:\/\/miniblog.pagekreacje.pl\/index.php?rest_route=\/wp\/v2\/posts\/10088\/revisions\/10089"}],"wp:attachment":[{"href":"http:\/\/miniblog.pagekreacje.pl\/index.php?rest_route=%2Fwp%2Fv2%2Fmedia&parent=10088"}],"wp:term":[{"taxonomy":"category","embeddable":true,"href":"http:\/\/miniblog.pagekreacje.pl\/index.php?rest_route=%2Fwp%2Fv2%2Fcategories&post=10088"},{"taxonomy":"post_tag","embeddable":true,"href":"http:\/\/miniblog.pagekreacje.pl\/index.php?rest_route=%2Fwp%2Fv2%2Ftags&post=10088"}],"curies":[{"name":"wp","href":"https:\/\/api.w.org\/{rel}","templated":true}]}}