{"id":10033,"date":"2022-04-17T05:36:04","date_gmt":"2022-04-17T05:36:04","guid":{"rendered":"http:\/\/miniblog.pagekreacje.pl\/?p=10033"},"modified":"2022-04-17T05:36:04","modified_gmt":"2022-04-17T05:36:04","slug":"zaklad-fryzjerski-oferta","status":"publish","type":"post","link":"http:\/\/miniblog.pagekreacje.pl\/?p=10033","title":{"rendered":"Zak\u0142ad fryzjerski \u2013 oferta"},"content":{"rendered":"<p>Pi\u0119kna fryzura to r\u00f3wnie\u017c pi\u0119kny wygl\u0105d, dlatego coraz wi\u0119cej os\u00f3b bardzo ch\u0119tnie na prawd\u0119 bardzo cz\u0119sto odwiedza salony fryzjerskie, gdzie mo\u017ce liczy\u0107 w g\u0142\u00f3wnej mierze na pomoc stylist\u00f3w fryzur w dobraniu stosownej d\u0142ugo\u015bci w\u0142os\u00f3w oraz koloru, kt\u00f3re b\u0119d\u0105 dopasowane nie tylko i wy\u0142\u0105cznie do karnacji twarzy, niemniej jednak tak\u017ce jej kszta\u0142tu. Musimy pami\u0119ta\u0107 o tym, \u017ce salon fryzjerski powinien oferowa\u0107 swoim klientom kompleksowe a tak\u017ce profesjonalne us\u0142ugi, kt\u00f3re powinny by\u0107 realizowane przez fachowc\u00f3w z zakresu fryzjerstwa z wieloletnim do\u015bwiadczeniem.<br \/>\nUs\u0142ugi fryzjerskie &#8211; na co zwr\u00f3ci\u0107 uwag\u0119?<br \/>\nUs\u0142ugi w zakresie fryzjerstwa realizowane s\u0105 przez fryzjer\u00f3w, jak tak\u017ce stylist\u00f3w fryzur, kt\u00f3rzy w g\u0142\u00f3wnej mierze oferuj\u0105 pomoc w zakresie dobrania adekwatnej fryzury czy r\u00f3wnie\u017c uczesania.<!--more--><\/p>\n<p>  Pami\u0119tajmy r\u00f3wnie\u017c o tym, \u017ce salon fryzjerski jest na prawd\u0119 cz\u0119sto odwiedzany przez kobiety, kt\u00f3re przygotowuj\u0105 si\u0119 do bardzo powa\u017cnych uroczysto\u015bci czy wydarze\u0144, na przyk\u0142ad takich jak wa\u017cne spotkanie biznesowe, czy tak\u017ce uroczysto\u015bci rodzinne przyk\u0142adowo taka jak jubileusz czy r\u00f3wnie\u017c wesele a tak\u017ce chrzciny. Warto wspomnie\u0107 jednak\u017ce o tym, \u017ceby stosownie uprzednio zarezerwowa\u0107 wizyt\u0119 w salonie fryzjerskim, kt\u00f3ry cieszy si\u0119 du\u017c\u0105 popularno\u015bci\u0105 klient\u00f3w. Pami\u0119tajmy r\u00f3wnie\u017c o tym, \u017ce salon fryzjerski to us\u0142ugi skierowane nie tylko do modnych kobiet, niemniej jednak te\u017c do m\u0119\u017cczyzn, kt\u00f3rzy pragn\u0105 zadba\u0107 o swoj\u0105 urod\u0119. W salonach fryzjerskich wykorzystuje si\u0119 preparaty kosmetyczne, tj. od\u017cywki czy r\u00f3wnie\u017c szampony, kt\u00f3re pochodz\u0105 od znanych i cenionych marek. Co za tym idzie, s\u0105 to preparaty dobrze wp\u0142ywaj\u0105ce tak\u017ce na stan w\u0142os\u00f3w.<br \/>\n<br \/>Wi\u0119cej informacji na stronie: <a href=\"https:\/\/fryzjer-stylista.com.pl\">fryzjer mrocza<\/a>.<\/p>\n","protected":false},"excerpt":{"rendered":"<p>Pi\u0119kna fryzura to r\u00f3wnie\u017c pi\u0119kny wygl\u0105d, dlatego coraz wi\u0119cej os\u00f3b bardzo ch\u0119tnie na prawd\u0119 bardzo cz\u0119sto odwiedza salony fryzjerskie, gdzie mo\u017ce liczy\u0107 w g\u0142\u00f3wnej mierze na pomoc stylist\u00f3w fryzur w dobraniu stosownej d\u0142ugo\u015bci w\u0142os\u00f3w oraz koloru, kt\u00f3re b\u0119d\u0105 dopasowane nie tylko i wy\u0142\u0105cznie do karnacji twarzy, niemniej jednak tak\u017ce jej kszta\u0142tu. Musimy pami\u0119ta\u0107 o tym, [&hellip;]<\/p>\n","protected":false},"author":1,"featured_media":0,"comment_status":"closed","ping_status":"open","sticky":false,"template":"","format":"standard","meta":[],"categories":[1],"tags":[],"_links":{"self":[{"href":"http:\/\/miniblog.pagekreacje.pl\/index.php?rest_route=\/wp\/v2\/posts\/10033"}],"collection":[{"href":"http:\/\/miniblog.pagekreacje.pl\/index.php?rest_route=\/wp\/v2\/posts"}],"about":[{"href":"http:\/\/miniblog.pagekreacje.pl\/index.php?rest_route=\/wp\/v2\/types\/post"}],"author":[{"embeddable":true,"href":"http:\/\/miniblog.pagekreacje.pl\/index.php?rest_route=\/wp\/v2\/users\/1"}],"replies":[{"embeddable":true,"href":"http:\/\/miniblog.pagekreacje.pl\/index.php?rest_route=%2Fwp%2Fv2%2Fcomments&post=10033"}],"version-history":[{"count":1,"href":"http:\/\/miniblog.pagekreacje.pl\/index.php?rest_route=\/wp\/v2\/posts\/10033\/revisions"}],"predecessor-version":[{"id":10034,"href":"http:\/\/miniblog.pagekreacje.pl\/index.php?rest_route=\/wp\/v2\/posts\/10033\/revisions\/10034"}],"wp:attachment":[{"href":"http:\/\/miniblog.pagekreacje.pl\/index.php?rest_route=%2Fwp%2Fv2%2Fmedia&parent=10033"}],"wp:term":[{"taxonomy":"category","embeddable":true,"href":"http:\/\/miniblog.pagekreacje.pl\/index.php?rest_route=%2Fwp%2Fv2%2Fcategories&post=10033"},{"taxonomy":"post_tag","embeddable":true,"href":"http:\/\/miniblog.pagekreacje.pl\/index.php?rest_route=%2Fwp%2Fv2%2Ftags&post=10033"}],"curies":[{"name":"wp","href":"https:\/\/api.w.org\/{rel}","templated":true}]}}